{"id":5789,"date":"2014-11-27T14:02:00","date_gmt":"2014-11-27T12:02:00","guid":{"rendered":"http:\/\/www.artokora.de\/?p=5789"},"modified":"2017-01-02T13:44:04","modified_gmt":"2017-01-02T11:44:04","slug":"warum-immer-wieder-krieg","status":"publish","type":"post","link":"https:\/\/www.artokora.de\/?p=5789","title":{"rendered":"Warum immer wieder Krieg?"},"content":{"rendered":"<h3>Die untersch\u00e4tzte Astralis.<\/h3>\n<h4>Nach bald 12000 Jahre \u00fcberschaubarer Menschheitsgeschichte, die allezeit mit Kriegen und Kriegsgeschrei angef\u00fcllt ist, nach \u00fcber 3.000 Jahre Frieden stiftender Religionen und Proklamation von Gottes G\u00fcte und Gerechtigkeit m\u00fcsste doch einmal ernsthaft der Frage nachgegangen werden, warum immerzu erneut Kriege und brutalste Grausamkeiten unter Menschen auf allen Kontinenten entstehen.<\/h4>\n<p>Warum sind bislang alle Bem\u00fchungen um Frieden in der Welt gescheitert? \u2013<\/p>\n<p>Hier ein sicher noch unvollst\u00e4ndiger Versuch einer Ursachenbetrachtung aus esoterisch-geisteswissenschaftlicher Sicht.<\/p>\n<p>Alle Wesen und Dinge der Sch\u00f6pfung bestehen aus sieben aufeinander aufbauenden und von einander abh\u00e4ngigen Kraftfeldern, die sich gegenseitig durchdringen und auf unterschiedliche Weise beeinflussen. In der vorliegenden esoterischen bzw. geisteswissenschaftlichen Literatur wird dabei stets von K\u00f6rpern gesprochen, weil diese Kraftfelder Gebilde, Holokumulies &#8211; geformte Zusammenballungen \u2013 formen, die auch von Hellsehern wahrgenommen werden k\u00f6nnen. Wir kennen heute das Ph\u00e4nomen der Holografie, was die Erscheinungen von geformten Lichtfeldern von au\u00dferordentlicher \u00c4hnlichkeit mit der materiellen Wirklichkeit verst\u00e4ndlich macht. Darum werden die Begriffe wie Kraftfeld, Holokumulus oder Mikrokosmos diesen Sch\u00f6pfungen eher gerecht. (Genauere Ausf\u00fchrungen dazu unter dem Link\u00a0 http:\/\/www.artokora.de\/?p=5453). Einige Kraftfelder sind konzentrisch in einem kleinen Kosmos zusammengef\u00fcgt, andere umfassen mehrere Glieder der Art oder Familie. So haben alle Pflanzen mittig ein grobstoffliches Feld \u2013 der Pflanzenk\u00f6rper \u2013 und ein konzentrisches \u00c4therfeld, das das grobstoffliche Feld durchdringt und umkleidet. Die weiteren Felder begleiten jede Pflanze wolkenartig.<\/p>\n<hr \/>\n<p style=\"padding-left: 60px;\"><em>Sollte Dir ein Gedanke zu dem Text einfallen, dann schicke ihn bitte mir zu.\u00a0 <a href=\"http:\/\/www.artokora.de\/?page_id=74\"><span style=\"color: #ff0000;\">Vielen Dank.<\/span> <\/a><\/em><\/p>\n<hr \/>\n<p>Alle Tiere haben zus\u00e4tzlich auch ein astrales Feld, das je nach Gattung mehr oder weniger fest konzentrisch angelegt ist. Alle Tiere haben dar\u00fcber hinaus auch noch einen sogenannten Gruppengeist, der sich sehr sch\u00f6n beim Vogelflug von Zugv\u00f6geln oder bei den Fischschw\u00e4rmen im Meer darstellt. Aus dem Astralk\u00f6rper heraus entsteht die Bestimmung und alle Aktivit\u00e4ten zur Existenzsicherung und Arterhaltung des irdischen Daseins, d.h. das Leben jedes Tieres existiert so lange, wie es f\u00fcr seinen Auftrag der Fruchtbarkeit der ganzen Gattung erforderlich ist. Also allein seine ihm bei der Entstehung mitgegebene Lebensenergie bestimmt das endg\u00fcltige Verl\u00f6schen eines Tieres. Wir nennen es salopp \u201eTod\u201c, wenn das materiell-k\u00f6rperliche Tier stirbt, in der Wildbahn gejagt, oder von Menschen geschlachtet, erschossen oder anderweitig get\u00f6tet wurde, ohne zu bedenken, was dabei mit dem astralen Wesen des Tieres geschieht, das ja eigentlich unstofflich noch am Leben ist.<\/p>\n<p>Hier angef\u00fcgt ein Zitat aus \u201eEine uralte Weisheit\u201c von Annie Besant:<\/p>\n<p><em>\u201e\u201eDie Begierdenk\u00f6rper oder Astralk\u00f6rper der Tiere f\u00fchren, ein zwar unabh\u00e4ngiges, aber nur fl\u00fcchtiges Dasein auf der Astralebene, nachdem der Tod ihre physischen Gegenst\u00fccke zerst\u00f6rt hat. In \u201ezivilisierten\u201c L\u00e4ndern wird zu dem allgemeinen<br \/>\nGef\u00fchl der Feindseligkeit und permanenten Aggression viel durch diese tierischen Astralk\u00f6rper beigetragen, denn das organisierte Abschlachten der Tiere in den Schlachth\u00e4usern und bei ritualisierten Opfern f\u00fcr islamische oder andere G\u00f6tter sendet Millionen \u00fcber Millionen dieser Gesch\u00f6pfe allj\u00e4hrlich noch lebend in die Astralwelt, erf\u00fcllt von Schaudern, Schrecken und Entsetzen vor den Menschen. Die verh\u00e4ltnism\u00e4\u00dfig wenigen Tiere, die in Ruhe und Frieden sterben d\u00fcrfen, verschwinden in den dichten Scharen der Hingeschlachteten. Durch die Gef\u00fchlsstr\u00f6mungen, die von diesen ausgehen, ergie\u00dfen sich Einfl\u00fcsse aus der Astralwelt auf alle Menschen und Tiere, welche die Kluft zwischen diesen beiden noch mehr erweitern und auf der einen Seite \u201einstinktives\u201c Misstrauen und Angstgef\u00fchle, auf der anderen Seite aber Hang zur Grausamkeit erzeugen.<br \/>\nDiese Gef\u00fchle sind in den letzten Jahren durch die kalter Berechnung entspringenden Methoden der wissenschaftlichen Folterung, die Vivisektion genannt wird, noch bedeutend verst\u00e4rkt worden; diese unbeschreibliche Barbarei hat durch ihre karmische R\u00fcckwirkung auf die Schuldigen neue Schrecken in die Astralwelt gebracht und den Abgrund zwischen den Menschen und seinen \u201earmen Verwandten\u201c noch vertieft.\u201c\u201c<\/em><\/p>\n<p><a href=\"http:\/\/www.artokora.de\/wp-content\/uploads\/2014\/11\/FleischProd-2012.jpg\"><img loading=\"lazy\" decoding=\"async\" class=\"alignleft wp-image-5793\" src=\"http:\/\/www.artokora.de\/wp-content\/uploads\/2014\/11\/FleischProd-2012.jpg\" alt=\"FleischProd 2012\" width=\"581\" height=\"812\" srcset=\"https:\/\/www.artokora.de\/wp-content\/uploads\/2014\/11\/FleischProd-2012.jpg 600w, https:\/\/www.artokora.de\/wp-content\/uploads\/2014\/11\/FleischProd-2012-214x300.jpg 214w, https:\/\/www.artokora.de\/wp-content\/uploads\/2014\/11\/FleischProd-2012-340x475.jpg 340w, https:\/\/www.artokora.de\/wp-content\/uploads\/2014\/11\/FleischProd-2012-306x427.jpg 306w, https:\/\/www.artokora.de\/wp-content\/uploads\/2014\/11\/FleischProd-2012-260x363.jpg 260w\" sizes=\"(max-width: 581px) 100vw, 581px\" \/><\/a>Der Mensch verf\u00fcgt neben den animalischen Kraftfeldern allerdings noch \u00fcber ein Denkverm\u00f6gen. In esoterischen B\u00fccher wird davon gesprochen, dass der menschliche Mikrokosmos aus vier Kraftfeldern gebildet wird, die innerhalb eines aurischen Wesens unter dessen F\u00fchrung leben und wirken.\u00a0 Alle diese \u201eK\u00f6rper\u201c haben eine von der Monade vorgegebene Lebensdauer, die unter keinen Umst\u00e4nden von der stofflichen Person ver\u00e4ndert werden kann. Jeder Selbstmord \u2013 Vergiftungen durch Drogen, sch\u00e4dliche Lebensmittel, Alkohol o.\u00e4. wirken sich karmisch \u00e4hnlich wie Selbstmord aus \u2013 f\u00fchrt dazu, dass die unnstofflichen K\u00f6rper so lange in den ihnen entsprechenden Sph\u00e4ren des Kosmos \u2013 \u00c4ther, Astral und Mental \u2013 ausvibrieren m\u00fcssen, bis der schicksalhaft vorgegebene Lebensfaden zu Ende ist.<img loading=\"lazy\" decoding=\"async\" class=\"alignright wp-image-5794\" src=\"http:\/\/www.artokora.de\/wp-content\/uploads\/2014\/11\/Fleischverbrauch2013.jpg\" alt=\"\" width=\"708\" height=\"499\" srcset=\"https:\/\/www.artokora.de\/wp-content\/uploads\/2014\/11\/Fleischverbrauch2013.jpg 850w, https:\/\/www.artokora.de\/wp-content\/uploads\/2014\/11\/Fleischverbrauch2013-300x211.jpg 300w, https:\/\/www.artokora.de\/wp-content\/uploads\/2014\/11\/Fleischverbrauch2013-340x239.jpg 340w, https:\/\/www.artokora.de\/wp-content\/uploads\/2014\/11\/Fleischverbrauch2013-306x215.jpg 306w, https:\/\/www.artokora.de\/wp-content\/uploads\/2014\/11\/Fleischverbrauch2013-260x183.jpg 260w\" sizes=\"(max-width: 708px) 100vw, 708px\" \/><\/p>\n<p>Durch die aktuellen Kriegsgeschehnisse, die verschiedenen Drogenkulte rund um den Erdball, sowie die unz\u00e4hligen Verkehrs- bzw. Betriebsunfalltoten wird die astrale Sph\u00e4re der Erde zus\u00e4tzlich mit menschlichen Astralwolken von nahezu un\u00fcberschaubarer Menge bev\u00f6lkert. Dabei werden gewiss viele von ihnen mit starken Hass- und Rachegef\u00fchlen geradezu geladen sein, weil sie ohne Eigenverschulden in den Tod getrieben wurden. Insbesondere, wenn sie von sogenannten Selbstmordattent\u00e4tern umgebracht wurden.<\/p>\n<p>Der Kreislauf aus Hass und Rache wird immer weiter eskalieren, wenn die unnstofflichen Aspekte immer wieder ignoriert werden. Es muss doch einmal ein Moment in der Weltgeschichte kommen, wo die Friedensbem\u00fchungen der intelligenten Menschheit auch die unstofflichen Kriegsschaupl\u00e4tze ber\u00fccksichtigen, die seit Jahrtausenden die menschliche Geschichte beeinflussen. Schon Paulus erw\u00e4hnt im Neuen Testament \u201edie F\u00fcrsten und Gewaltigen unter dem Himmel\u201c, gegen die die Menschen ank\u00e4mpfen wie Don Quijote gegen die Windm\u00fchlenfl\u00fcgel.<\/p>\n<p><a href=\"http:\/\/www.artokora.de\/wp-content\/uploads\/2014\/11\/Kriege2014.jpg\"><img loading=\"lazy\" decoding=\"async\" class=\"alignleft size-full wp-image-5795\" src=\"http:\/\/www.artokora.de\/wp-content\/uploads\/2014\/11\/Kriege2014.jpg\" alt=\"Kriege2014\" width=\"654\" height=\"413\" srcset=\"https:\/\/www.artokora.de\/wp-content\/uploads\/2014\/11\/Kriege2014.jpg 654w, https:\/\/www.artokora.de\/wp-content\/uploads\/2014\/11\/Kriege2014-300x189.jpg 300w, https:\/\/www.artokora.de\/wp-content\/uploads\/2014\/11\/Kriege2014-340x214.jpg 340w, https:\/\/www.artokora.de\/wp-content\/uploads\/2014\/11\/Kriege2014-306x193.jpg 306w, https:\/\/www.artokora.de\/wp-content\/uploads\/2014\/11\/Kriege2014-260x164.jpg 260w\" sizes=\"(max-width: 654px) 100vw, 654px\" \/><\/a>Das ist mit ein entscheidender Grund, warum ich ein Buch verfasst habe, das \u201eBasis der Evolution\u201c hei\u00dft. (http:\/\/www.artokora.de\/?p=5484#.WGo29rGX8UE) In seinen Kapiteln werden viele Details \u00fcber die Zusammenh\u00e4nge, Entfaltung und Wirkungen der unstofflichen Seiten des Lebens erl\u00e4utert. Selbstverst\u00e4ndlich wird es wohl nur von den Usern gelesen werden, die diese Seiten im Internet auch suchen. Die komplexen Zusammenh\u00e4nge lassen sich leider nicht auf das Niveau von Twitter oder Facebook k\u00fcrzen.<\/p>\n<p>Vielleicht kann das Verst\u00e4ndnis f\u00fcr die uns alle Menschen umgebenden unstofflichen Kraftfelder in der Atmosph\u00e4re der Erde, im Jenseits, mit dazu beitragen, dass weniger gestritten und geschossen wird. Denn alle Weisen der Welt zeigen eigentlich unmissverst\u00e4ndlich, dass wir Menschen insgesamt mit dem Wesen der Erde ein gro\u00dfe astrale Einheit bilden. Ausschlie\u00dflich darum wurde den Mensch von allen gro\u00dfen Religionstiftern, wie Buddha, Laotse und Christus die vegetarische Kost empfohlen. Die Aquariusperiode hat uns an die Schwelle zu einer v\u00f6llig neuen Dimension des irdischen Zusammenseins gef\u00fchrt, in der alle Menschen, jeder auf seine Weise mit allen unstofflichen Aspekten aufgefordert ist, die Entwicklung seines Mikrokosmos zu f\u00f6rdern.<\/p>\n<p>&nbsp;<\/p>\n<p>Zur\u00fcck zur \u00dcbersicht <a href=\"http:\/\/www.artokora.de\/?cat=1\">Gedanken<\/a><\/p>\n","protected":false},"excerpt":{"rendered":"<p>Die untersch\u00e4tzte Astralis. Nach bald 12000 Jahre \u00fcberschaubarer Menschheitsgeschichte, die allezeit mit Kriegen und Kriegsgeschrei angef\u00fcllt ist, nach \u00fcber 3.000 Jahre Frieden stiftender Religionen und Proklamation von Gottes G\u00fcte und Gerechtigkeit m\u00fcsste doch einmal ernsthaft der Frage nachgegangen werden, warum immerzu erneut Kriege und brutalste Grausamkeiten unter Menschen auf allen Kontinenten entstehen. Warum sind bislang &hellip; <\/p>\n<p class=\"link-more\"><a href=\"https:\/\/www.artokora.de\/?p=5789\" class=\"more-link\"><span class=\"screen-reader-text\">\u201eWarum immer wieder Krieg?\u201c<\/span> weiterlesen<\/a><\/p>\n","protected":false},"author":2,"featured_media":5790,"comment_status":"open","ping_status":"open","sticky":false,"template":"","format":"standard","meta":{"footnotes":""},"categories":[1],"tags":[488,472,193,305,192,473,46,485,79,479,483,296,481,498,496,491,476,477,211,497,478,501,411,269,83,499,493,412,487,72,502,194,92,50,500,69,494,489,492,495,482,203,486,484,474,475,480,490],"class_list":["post-5789","post","type-post","status-publish","format-standard","has-post-thumbnail","hentry","category-gedanken-schaetze","tag-alkohol","tag-aquariusperiode","tag-astralfeld","tag-atemfeld","tag-aetherfeld","tag-atmosphaere","tag-autonomie","tag-betriebsunfalltote","tag-bewusstsein","tag-don-quichote","tag-drogenkulte","tag-egoismus","tag-eigenverschulden","tag-emotionen","tag-entsetzen","tag-feindseligkeit","tag-frieden","tag-fuersten","tag-gedaechtnis","tag-gefuehlsausbrueche","tag-gewaltigen","tag-grausamkeit","tag-hass","tag-himmel","tag-idealitaet","tag-instinkt","tag-islam","tag-krieg","tag-lebensmittel","tag-makrokosmos","tag-masochismus","tag-mentalfeld","tag-mentalsphaere","tag-mikrokosmos","tag-misstrauen","tag-religion","tag-schaudern","tag-schicksal","tag-schlachthaeuser","tag-schrecken","tag-selbstmordattentate","tag-spiegelsphaere","tag-vergiftungen","tag-verkehrstote","tag-verstaendniss","tag-weltgeschichte","tag-windmuehlenfluegel","tag-zivilisierte-laender"],"_links":{"self":[{"href":"https:\/\/www.artokora.de\/index.php?rest_route=\/wp\/v2\/posts\/5789"}],"collection":[{"href":"https:\/\/www.artokora.de\/index.php?rest_route=\/wp\/v2\/posts"}],"about":[{"href":"https:\/\/www.artokora.de\/index.php?rest_route=\/wp\/v2\/types\/post"}],"author":[{"embeddable":true,"href":"https:\/\/www.artokora.de\/index.php?rest_route=\/wp\/v2\/users\/2"}],"replies":[{"embeddable":true,"href":"https:\/\/www.artokora.de\/index.php?rest_route=%2Fwp%2Fv2%2Fcomments&post=5789"}],"version-history":[{"count":24,"href":"https:\/\/www.artokora.de\/index.php?rest_route=\/wp\/v2\/posts\/5789\/revisions"}],"predecessor-version":[{"id":7435,"href":"https:\/\/www.artokora.de\/index.php?rest_route=\/wp\/v2\/posts\/5789\/revisions\/7435"}],"wp:featuredmedia":[{"embeddable":true,"href":"https:\/\/www.artokora.de\/index.php?rest_route=\/wp\/v2\/media\/5790"}],"wp:attachment":[{"href":"https:\/\/www.artokora.de\/index.php?rest_route=%2Fwp%2Fv2%2Fmedia&parent=5789"}],"wp:term":[{"taxonomy":"category","embeddable":true,"href":"https:\/\/www.artokora.de\/index.php?rest_route=%2Fwp%2Fv2%2Fcategories&post=5789"},{"taxonomy":"post_tag","embeddable":true,"href":"https:\/\/www.artokora.de\/index.php?rest_route=%2Fwp%2Fv2%2Ftags&post=5789"}],"curies":[{"name":"wp","href":"https:\/\/api.w.org\/{rel}","templated":true}]}}