{"id":11560,"date":"2021-04-09T16:44:37","date_gmt":"2021-04-09T14:44:37","guid":{"rendered":"http:\/\/www.artokora.de\/?p=11560"},"modified":"2021-04-21T12:17:26","modified_gmt":"2021-04-21T10:17:26","slug":"die-gewalt-der-natur","status":"publish","type":"post","link":"https:\/\/www.artokora.de\/?p=11560","title":{"rendered":"Die Gewalt der Natur"},"content":{"rendered":"\n<p>Bildtitel: 012 Die Natur, digitales Kunstwerk, Format: 50 x 66 cm; Daten: 84 MB, 240 dpi; Datum: 09.04.2021<\/p>\n\n\n\n<figure class=\"wp-block-image size-large\"><img loading=\"lazy\" decoding=\"async\" width=\"727\" height=\"960\" src=\"http:\/\/www.artokora.de\/wp-content\/uploads\/2021\/04\/012-Die-Natur-727x960.jpg\" alt=\"\" class=\"wp-image-11553\" srcset=\"https:\/\/www.artokora.de\/wp-content\/uploads\/2021\/04\/012-Die-Natur-727x960.jpg 727w, https:\/\/www.artokora.de\/wp-content\/uploads\/2021\/04\/012-Die-Natur-227x300.jpg 227w, https:\/\/www.artokora.de\/wp-content\/uploads\/2021\/04\/012-Die-Natur-768x1015.jpg 768w, https:\/\/www.artokora.de\/wp-content\/uploads\/2021\/04\/012-Die-Natur.jpg 1000w\" sizes=\"(max-width: 727px) 100vw, 727px\" \/><figcaption>M\u00f6chtest du dir die Details des Bildes genauer anschauen, klicke auf eines der Bilder des Slideshow.<\/figcaption><\/figure>\n\n\n<style type=\"text\/css\">\n#foogallery-gallery-11543 .fg-image { width: 150px; }\n#foogallery-gallery-11543 { --fg-gutter: 10px; }<\/style>\n\t\t\t<div class=\"foogallery foogallery-container foogallery-default foogallery-lightbox-foobox fg-center fg-default fg-ready fg-light fg-border-thin fg-shadow-outline fg-loading-default fg-loaded-fade-in fg-caption-hover fg-hover-fade fg-hover-zoom\" id=\"foogallery-gallery-11543\" data-foogallery=\"{&quot;item&quot;:{&quot;showCaptionTitle&quot;:true,&quot;showCaptionDescription&quot;:true},&quot;lazy&quot;:true}\" style=\"--fg-title-line-clamp: 0; --fg-description-line-clamp: 0;\" >\n\t<div class=\"fg-item fg-type-image fg-idle\"><figure class=\"fg-item-inner\"><a href=\"https:\/\/www.artokora.de\/wp-content\/uploads\/2021\/04\/012-Natur-Detail-1.jpg\" data-attachment-id=\"11544\" data-type=\"image\" class=\"fg-thumb\"><span class=\"fg-image-wrap\"><img decoding=\"async\" width=\"150\" height=\"150\" class=\"skip-lazy fg-image\" data-src-fg=\"https:\/\/www.artokora.de\/wp-content\/uploads\/cache\/2021\/04\/012-Natur-Detail-1\/2896527090.jpg\" src=\"data:image\/svg+xml,%3Csvg%20xmlns%3D%22http%3A%2F%2Fwww.w3.org%2F2000%2Fsvg%22%20width%3D%22150%22%20height%3D%22150%22%20viewBox%3D%220%200%20150%20150%22%3E%3C%2Fsvg%3E\" loading=\"eager\"><\/span><span class=\"fg-image-overlay\"><\/span><\/a><\/figure><div class=\"fg-loader\"><\/div><\/div><div class=\"fg-item fg-type-image fg-idle\"><figure class=\"fg-item-inner\"><a href=\"https:\/\/www.artokora.de\/wp-content\/uploads\/2021\/04\/012-Natur-Detail-2.jpg\" data-attachment-id=\"11545\" data-type=\"image\" class=\"fg-thumb\"><span class=\"fg-image-wrap\"><img decoding=\"async\" width=\"150\" height=\"150\" class=\"skip-lazy fg-image\" data-src-fg=\"https:\/\/www.artokora.de\/wp-content\/uploads\/cache\/2021\/04\/012-Natur-Detail-2\/4122734788.jpg\" src=\"data:image\/svg+xml,%3Csvg%20xmlns%3D%22http%3A%2F%2Fwww.w3.org%2F2000%2Fsvg%22%20width%3D%22150%22%20height%3D%22150%22%20viewBox%3D%220%200%20150%20150%22%3E%3C%2Fsvg%3E\" loading=\"eager\"><\/span><span class=\"fg-image-overlay\"><\/span><\/a><\/figure><div class=\"fg-loader\"><\/div><\/div><div class=\"fg-item fg-type-image fg-idle\"><figure class=\"fg-item-inner\"><a href=\"https:\/\/www.artokora.de\/wp-content\/uploads\/2021\/04\/012-Natur-Detail-3.jpg\" data-attachment-id=\"11546\" data-type=\"image\" class=\"fg-thumb\"><span class=\"fg-image-wrap\"><img decoding=\"async\" width=\"150\" height=\"150\" class=\"skip-lazy fg-image\" data-src-fg=\"https:\/\/www.artokora.de\/wp-content\/uploads\/cache\/2021\/04\/012-Natur-Detail-3\/2597481572.jpg\" src=\"data:image\/svg+xml,%3Csvg%20xmlns%3D%22http%3A%2F%2Fwww.w3.org%2F2000%2Fsvg%22%20width%3D%22150%22%20height%3D%22150%22%20viewBox%3D%220%200%20150%20150%22%3E%3C%2Fsvg%3E\" loading=\"eager\"><\/span><span class=\"fg-image-overlay\"><\/span><\/a><\/figure><div class=\"fg-loader\"><\/div><\/div><div class=\"fg-item fg-type-image fg-idle\"><figure class=\"fg-item-inner\"><a href=\"https:\/\/www.artokora.de\/wp-content\/uploads\/2021\/04\/012-Natur-Detail-4.jpg\" data-attachment-id=\"11547\" data-type=\"image\" class=\"fg-thumb\"><span class=\"fg-image-wrap\"><img decoding=\"async\" width=\"150\" height=\"150\" class=\"skip-lazy fg-image\" data-src-fg=\"https:\/\/www.artokora.de\/wp-content\/uploads\/cache\/2021\/04\/012-Natur-Detail-4\/1200024744.jpg\" src=\"data:image\/svg+xml,%3Csvg%20xmlns%3D%22http%3A%2F%2Fwww.w3.org%2F2000%2Fsvg%22%20width%3D%22150%22%20height%3D%22150%22%20viewBox%3D%220%200%20150%20150%22%3E%3C%2Fsvg%3E\" loading=\"eager\"><\/span><span class=\"fg-image-overlay\"><\/span><\/a><\/figure><div class=\"fg-loader\"><\/div><\/div><div class=\"fg-item fg-type-image fg-idle\"><figure class=\"fg-item-inner\"><a href=\"https:\/\/www.artokora.de\/wp-content\/uploads\/2021\/04\/012-Natur-Detail-5.jpg\" data-attachment-id=\"11548\" data-type=\"image\" class=\"fg-thumb\"><span class=\"fg-image-wrap\"><img decoding=\"async\" width=\"150\" height=\"150\" class=\"skip-lazy fg-image\" data-src-fg=\"https:\/\/www.artokora.de\/wp-content\/uploads\/cache\/2021\/04\/012-Natur-Detail-5\/3396471347.jpg\" src=\"data:image\/svg+xml,%3Csvg%20xmlns%3D%22http%3A%2F%2Fwww.w3.org%2F2000%2Fsvg%22%20width%3D%22150%22%20height%3D%22150%22%20viewBox%3D%220%200%20150%20150%22%3E%3C%2Fsvg%3E\" loading=\"eager\"><\/span><span class=\"fg-image-overlay\"><\/span><\/a><\/figure><div class=\"fg-loader\"><\/div><\/div><div class=\"fg-item fg-type-image fg-idle\"><figure class=\"fg-item-inner\"><a href=\"https:\/\/www.artokora.de\/wp-content\/uploads\/2021\/04\/012-Natur-Detail-6.jpg\" data-attachment-id=\"11549\" data-type=\"image\" class=\"fg-thumb\"><span class=\"fg-image-wrap\"><img decoding=\"async\" width=\"150\" height=\"150\" class=\"skip-lazy fg-image\" data-src-fg=\"https:\/\/www.artokora.de\/wp-content\/uploads\/cache\/2021\/04\/012-Natur-Detail-6\/2473362437.jpg\" src=\"data:image\/svg+xml,%3Csvg%20xmlns%3D%22http%3A%2F%2Fwww.w3.org%2F2000%2Fsvg%22%20width%3D%22150%22%20height%3D%22150%22%20viewBox%3D%220%200%20150%20150%22%3E%3C%2Fsvg%3E\" loading=\"eager\"><\/span><span class=\"fg-image-overlay\"><\/span><\/a><\/figure><div class=\"fg-loader\"><\/div><\/div><div class=\"fg-item fg-type-image fg-idle\"><figure class=\"fg-item-inner\"><a href=\"https:\/\/www.artokora.de\/wp-content\/uploads\/2021\/04\/012-Natur-Detail-7.jpg\" data-attachment-id=\"11550\" data-type=\"image\" class=\"fg-thumb\"><span class=\"fg-image-wrap\"><img decoding=\"async\" width=\"150\" height=\"150\" class=\"skip-lazy fg-image\" data-src-fg=\"https:\/\/www.artokora.de\/wp-content\/uploads\/cache\/2021\/04\/012-Natur-Detail-7\/1946217329.jpg\" src=\"data:image\/svg+xml,%3Csvg%20xmlns%3D%22http%3A%2F%2Fwww.w3.org%2F2000%2Fsvg%22%20width%3D%22150%22%20height%3D%22150%22%20viewBox%3D%220%200%20150%20150%22%3E%3C%2Fsvg%3E\" loading=\"eager\"><\/span><span class=\"fg-image-overlay\"><\/span><\/a><\/figure><div class=\"fg-loader\"><\/div><\/div><div class=\"fg-item fg-type-image fg-idle\"><figure class=\"fg-item-inner\"><a href=\"https:\/\/www.artokora.de\/wp-content\/uploads\/2021\/04\/012-Natur-Detail-8.jpg\" data-attachment-id=\"11551\" data-type=\"image\" class=\"fg-thumb\"><span class=\"fg-image-wrap\"><img decoding=\"async\" width=\"150\" height=\"150\" class=\"skip-lazy fg-image\" data-src-fg=\"https:\/\/www.artokora.de\/wp-content\/uploads\/cache\/2021\/04\/012-Natur-Detail-8\/2058448904.jpg\" src=\"data:image\/svg+xml,%3Csvg%20xmlns%3D%22http%3A%2F%2Fwww.w3.org%2F2000%2Fsvg%22%20width%3D%22150%22%20height%3D%22150%22%20viewBox%3D%220%200%20150%20150%22%3E%3C%2Fsvg%3E\" loading=\"eager\"><\/span><span class=\"fg-image-overlay\"><\/span><\/a><\/figure><div class=\"fg-loader\"><\/div><\/div><div class=\"fg-item fg-type-image fg-idle\"><figure class=\"fg-item-inner\"><a href=\"https:\/\/www.artokora.de\/wp-content\/uploads\/2021\/04\/012-Natur-Detail-9.jpg\" data-attachment-id=\"11552\" data-type=\"image\" class=\"fg-thumb\"><span class=\"fg-image-wrap\"><img decoding=\"async\" width=\"150\" height=\"150\" class=\"skip-lazy fg-image\" data-src-fg=\"https:\/\/www.artokora.de\/wp-content\/uploads\/cache\/2021\/04\/012-Natur-Detail-9\/366537896.jpg\" src=\"data:image\/svg+xml,%3Csvg%20xmlns%3D%22http%3A%2F%2Fwww.w3.org%2F2000%2Fsvg%22%20width%3D%22150%22%20height%3D%22150%22%20viewBox%3D%220%200%20150%20150%22%3E%3C%2Fsvg%3E\" loading=\"eager\"><\/span><span class=\"fg-image-overlay\"><\/span><\/a><\/figure><div class=\"fg-loader\"><\/div><\/div><div class=\"fg-item fg-type-image fg-idle\"><figure class=\"fg-item-inner\"><a href=\"https:\/\/www.artokora.de\/wp-content\/uploads\/2021\/04\/012-Die-Natur.jpg\" data-attachment-id=\"11553\" data-type=\"image\" class=\"fg-thumb\"><span class=\"fg-image-wrap\"><img decoding=\"async\" width=\"150\" height=\"150\" class=\"skip-lazy fg-image\" data-src-fg=\"https:\/\/www.artokora.de\/wp-content\/uploads\/cache\/2021\/04\/012-Die-Natur\/535977483.jpg\" src=\"data:image\/svg+xml,%3Csvg%20xmlns%3D%22http%3A%2F%2Fwww.w3.org%2F2000%2Fsvg%22%20width%3D%22150%22%20height%3D%22150%22%20viewBox%3D%220%200%20150%20150%22%3E%3C%2Fsvg%3E\" loading=\"eager\"><\/span><span class=\"fg-image-overlay\"><\/span><\/a><\/figure><div class=\"fg-loader\"><\/div><\/div><\/div>\n\n\n\n<h2 class=\"wp-block-heading\">Das falsche Weltbild des Dualismus \u2013 es gibt nur ein Universum<\/h2>\n\n\n\n<p><strong><em>Wie entsteht eine Weltanschauung?<\/em><\/strong><\/p>\n\n\n\n<p>Woraus entstehen in uns die grundlegenden Anschauungen, wie wir als Mensch funktionieren, wie und woher unser Denken, Wollen und F\u00fchlen kommt. Woher kommen unsere Weltbilder, die beschreiben wie die Umwelt einmal entstanden ist, und wie sich das alles fortentwickelt, wie die Natur ist und lebt?<\/p>\n\n\n\n<p>Der gr\u00f6\u00dfte Teil unserer Weltanschauung wurde uns von unseren Eltern beigebracht, von unseren Freunden, von den diversen P\u00e4dagogen und Erziehern. Am Anfang des Erlernens steht das selbstbewusst Werden im jungen Kindesalter, das gepr\u00e4gt wird von den Erfahrungen in der sinnesorganisch erlebbaren materiellen Umgebung \u2013 Stadt, Land, Meer, Tundra, Schneefelder, Urwald etc.. Gerade in dieser Phase werden viele dinglichen Begriffe in den substanziellen Wortschatz einsortiert und damit in die Vorstellungen und das aktuellen Denken des heranwachsenden Menschen eingebrannt<\/p>\n\n\n\n<p>Hierbei spielen vor allem die Familie und ihre Religion die bestimmende Autorit\u00e4t. So wie sich eine Graugans nach dem Schl\u00fcpfen dem \u00abersten Tier\u00bb anschlie\u00dft, das sich in seinem gerade eben ge\u00f6ffneten Blickfeld bewegt, und dessen Unterweisungen es blind gehorcht \u2013 im Rahmen seiner physiologischen Gegebenheiten \u2013 ebenso \u00fcbernimmt das Kind im jungen Werden seiner Ged\u00e4chtnisse ungepr\u00fcft die Erkl\u00e4rungen der Eltern, der Familie, die diese vor dem Kind ausbreiten. So wird im abrahamitischen Kulturkreis Europas und Amerikas (Juden, Christen, Moslems) in den stark religionsorientierten Schulen bereits \u00fcber viele Jahrhunderte den Sch\u00fclern ein dualistisches Weltbild eingebl\u00e4ut, in dem der \u00abGeist\u00bb vom \u00abK\u00f6rper\u00bb getrennt existiert. Insbesondere das r\u00f6misch-christliche Dogma hat \u00fcber tausend Jahre daf\u00fcr gesorgt, dass nur die wissenschaftlichen Forschungen auf der Basis eines einheitlichen antiken Weltbildes akzeptiert wurden. Die Natur-Wissenschaftler haben sich selbst ein Rahmengesetz des Materialismus gegeben, in dem nur das wissenschaftlich anerkannt wird, das sinnesorganisch \u00fcberpr\u00fcfbar und nachvollziehbar ist. Damit haben die Naturforscher sich selbst eine Laufstall gebaut, der sie von der Erforschung der metaphysischen Ph\u00e4nomene ausschlie\u00dft. Trotzdem haben heute aber schon viele Autoren neben das dogmatisch gespaltene Weltbild eine holistische Weltanschauung gestellt, in dem Geist und Materie zusammen geh\u00f6ren, weil sie gemeinsam wirken. Im Mittelalter sind einige Forscher einer ganzheitlichen Welt in die M\u00fchlen der Inquisition geraten, wenn nicht sogar auf dem Scheiterhaufen verbrannt worden, wie z.B. Giordano Bruno. F\u00fcr viele moderne Menschen geh\u00f6rt das geozentrische Weltbild des Aristoteles, bei dem die Erde den Mittelpunkt des Universums bildet, schon seit einigen Jahrzehnten der Vergangenheit an. Leider bekennen sich trotz aller modernen Esoterik immer noch sehr wenige zu einem ganzheitlichen Kosmos, weil sie sich nicht vom christlichen Glauben abwenden k\u00f6nnen.<\/p>\n\n\n\n<p><strong><em>Warum entstand dieses mechanistische Weltbild?<\/em><\/strong><\/p>\n\n\n\n<p>Das Einfachste, was ein Mensch sehen kann, sind die einzelnen Dinge und K\u00f6rper in seinem Umfeld, die irgendwie physisch aufeinander wirken. Die K\u00f6rper, die sich z.B. wie Billardkugeln sto\u00dfen und darum in die unterschiedlichen Richtungen auseinanderkugeln, erf\u00fcllen den sichtbaren Raum. Ob K\u00f6rper, Korpuskel, Partikel oder Quarks, dies alles sind Begriffe f\u00fcr materiell gedachte Teile, die sich in ihrer mechanischen Wechselwirkung nach den elementaren Gesetzen der Physik verhalten, die von Masse und Kraftwirkung zeugen.<\/p>\n\n\n\n<p>Dieses mechanistische Weltbild wurde dadurch problematisch, weil man es auch auf die geistigen und psychologischen Ph\u00e4nomene anwendete. Der amerikanische Behaviorismus hat das pawlow\u2019sche Modell \u2013 Reiz-Reaktion-Vorgang im Tier \u2013 in der Psychologie zur Perfektion getrieben, das sich heute immer noch in den USA gr\u00f6\u00dfter Beliebtheit erfreut.<\/p>\n\n\n\n<p>Doch dieses Modell hat den sich immer weiter zuspitzenden k\u00f6rperlichen Individualismus hervorgebracht, der \u00abwie eine Krankheit\u00bb nun auch alle V\u00f6lker in Asien und Amerika \u00fcberzieht und mehr und mehr andere demokratisch regierte Staaten infiziert.<\/p>\n\n\n\n<p>Es gibt eine wissenschaftliche Entwicklung, nach der diese Fehleinsch\u00e4tzung der lebenden Wesen in Flora und Fauna l\u00e4ngst \u00fcberholt sein m\u00fcsste. Zu Beginn des 20. Jahrhunderts haben verschiedene Forscher nach der Entdeckung der Radioaktivit\u00e4t feststellen k\u00f6nnen, dass es nur einen graduellen Unterschied zwischen Licht und Materie gibt. Licht, darin werden alle elektromagnetischen Wellen der Erde zusammengefasst, die Radiowellen, die Ultrakurzwellen f\u00fcrs Smartphone oder Pad, WLAN, WIFI, Bluetooth, etc. auch zum Kochen, und die g- oder R\u00f6ntgenstrahlung und andere hochfrequente Strahlungen im subatomaren Bereich und Quantenfluktuationen (keine Teilchen-Strahlung). Zu historischen Zeiten, als die physikalische Erforschung der Welt noch in ihren Kinderschuhen steckte, wurde die Lichtwelle immer mit einem Tr\u00e4ger verbunden, ebenso wie die Wasserwellen auf dem Wasser, die Druckwellen (Melodien, Akustik) mit der Luft oder Materie, in der sie sich ausbreiten. Man stellte sich vor, dass sich das Licht im \u00ab\u00c4ther\u00bb ausbreitet, einem immateriellen Fluidum, so wie der Schall sich in der Luft, dem Wasser aber auch in der festen Materie ausbreitet. Das Licht wurde lange Zeiten als eine Vibration im \u00bb\u00c4ther\u00ab verstanden.<\/p>\n\n\n\n<p>Die Theosophen, Anthroposophen und Rosenkreuzer schreiben dar\u00fcber, dass alle Lebewesen und auch Mutter Erde von transpersonellen, analog \u00abelektromagnetischen\u00bb Kraftfeldern geleitet werden, dass alle Mineralien, Pflanzen, Tiere und Menschen aus diesen Feldern atmen und leben. Es wird dabei erkl\u00e4rt, dass die \u00e4therischen und die astralen Vibrationen letztlich den elektromagnetische Erscheinungen \u00e4hnlich sind, allerdings mit noch st\u00e4rkerer Energievibration mit einer wesentlich h\u00f6heren Frequenz. Sie haben ein anderen Zeitrahmen, die Ereignisse laufen in einem viel schnelleren Werden ab, das die irdischen Vorstellungen weit \u00fcberschreitet. Paulus betont in einem Brief an die Epheser, \u00abdass wir, die spirituell ausgerichteten Anh\u00e4nger des Christus, nicht gegen Menschen k\u00e4mpfen, sonder gegen F\u00fcrsten und M\u00e4chte unter dem Himmel\u00bb. Wobei er mit Himmel nicht irgendeinen blauen Raum oberhalb der Erdoberfl\u00e4che meint, sondern vielmehr eine Sph\u00e4re h\u00f6herer Energie, mit einer anderen Vibration als der uns gel\u00e4ufigen irdischen Schwingung. Den animistischen Naturreligionen der sogenannten \u00abprimitiven V\u00f6lkern\u00bb ist es vollkommen gel\u00e4ufig, das alle Natur von Geistern und Kr\u00e4ften der anderen \u00abgeistigen\u00bb Welt geleitet und gef\u00fcgt wird. Diese uneingeschr\u00e4nkte Welt hat dann einen anderen unchristlichen Namen: \u00abGaia\u00bb, womit das alle Natur umfassende siebenfache Wesen Erde gemeint ist. Diese holonomen Sph\u00e4ren des Universums betten jeden materiellen K\u00f6rper in einen Kosmos, Makro- bzw. Mikrokosmos ein, einem unstofflichen \u00abHolokumulus\u00bb, eine Art Spiegelsph\u00e4re mit morphischen Feldern, die das jeweils regulierende Ged\u00e4chtnis darstellen.<\/p>\n\n\n\n<p>Trotz alledem ist die Vorstellung des Individuums, die Idee der separierten Person mit seinem Denken und Weltanschauungen so in die diversen kosmischen und individuellen Kraftfelder verbunden, dass allerh\u00f6chste Anstrengungen notwendig w\u00e4ren, um den materialistisch denkenden Menschen von einer Weltanschauung der holistischen Feldwirksamkeit zu \u00fcberzeugen. Dass mechanistische Weltbild mit seinen Ursache-Wirkungen in den Teilen gem\u00e4\u00df den sich sto\u00dfenden Billardkugeln ist sehr einfach zu durchschauen und von jedem Menschen leicht zu verstehen. Es ist das lineare: wenn A dann B. Schon komplexere Bilder der Mechanik werden nicht mehr begriffen.<\/p>\n\n\n\n<p>Das Denken und Leben mit Ganzheiten aus mehreren Kraftfeldern ist noch m\u00e4chtiger, denn die Ursache-Wirkungsfaktoren sind vielf\u00e4ltiger, und nicht linear miteinander zu verkn\u00fcpfen. Trotz alledem wirkt das Leben aus den unstofflichen Feldern durch uns. Wir werden uneingeschr\u00e4nkt von den transpersonalen Kraftfeldern, die uns tragen, aus den morphischen Ged\u00e4chtnissen probabilistisch gelebt.<\/p>\n\n\n\n<p>Warum ist dem Menschen das Ph\u00e4nomen der Wesenseinheit der Erde so unzug\u00e4nglich? Warum leben wir streng im analytischen Separatismus? \u2013 Wir sind doch als Menschen bereits Teil einer Ganzheit, einer Gruppe von Kr\u00e4ften? \u2013 Wir selbst als Individuum sind in einem Gruppenverband der Kraftwirkungen, die uns angezogen haben \u2013 achten Sie einmal auf dieses Wort \u2013 das Kleid das wir anziehen \u2013. Wir k\u00f6nnen hier gar nicht von einem aktiven Anziehen sprechen, weil uns dieser Prozess keineswegs bewusst ist, oder wenn dann nur minimal. Solange wir es nicht sehen wollen, dass wir gelebt werden, solange wird der Mensch seine faktische Wirklichkeit nicht begreifen, solange wird er unbewusst aus seinen Vibrationen gelebt, die er nicht wahr haben will. Weil die empirische Wissenschaft mit ihren festgelegten Regularien und die Kirche mit ihren antiken Dogmen die Wirkungsweisen, wie alles Materielle gelebt wird, nicht akzeptieren wollen noch k\u00f6nnen, werden die Menschen unter diesem Einfluss nach ihrem Glauben gelebt, unfreiwillig. Das dualistische Weltbild von Diesseits und Jenseits, von materieller Wahrheit und dem Wissen um metaphysisches Leben ist das Grundproblem, mit dem uns die metaphysischen Kr\u00e4fte der Spiegelsph\u00e4re mit ihren diesseitigen Dienern\/innen in dem ber\u00fchmten \u00abKreidekreis\u00bb der Halbwahrheiten unerkannt herumf\u00fchren.<\/p>\n\n\n\n<p><strong><em>Menschliches Organ im Wesen Gaia<\/em><\/strong><\/p>\n\n\n\n<p>Warum bem\u00fchen sich viele esoterische Gruppen in Geduld und Liebe, die Menschen davon vollkommen zu \u00fcberzeugen, dass sie sich in einer Gruppeneinheit auf der Basis der lebendigen Kr\u00e4fte des Wesens Erde befinden? Jede noch so subtile Abgrenzung vom Andersartigen ist f\u00fcr jeden Kandidaten auf einem spirituellen Weg sch\u00e4dlich, weil sein Licht mit seperatistischen Vibrationen geladen in die Isolation f\u00fchrt. Dann entsteht immer eine G\u00e4rung, eine kranke Vermischung der unterschiedlichen Lebenskr\u00e4fte, und eine Opferung der Einheitsradiationen der irdischen Monaden an die \u00c4onen und Archonten im Devachan. Darauf sind diese besonders gierig, wie nach einer ganz besonderen Speise.<\/p>\n\n\n\n<p>Eingebettet als Gruppe in die nat\u00fcrlichen Lebensfelder Gaias, die uns von den Monaden des Lebens gereicht werden, kann einmal die mikrokosmische Evolution so weit voranschreiten, dass im Licht und in der Kraft einer erh\u00f6hten Astralis und Mentalis eine neue Wahrnehmung entstehen kann, mit der die Wirklichkeit der metaphysischen Lebensfelder gesehen wird. Daraus entsteht eine derartig andere Lebenshaltung, die alle bisherigen Kristallisationen der Weltbilder aus Naturwissenschaft, Religion und Regierungsm\u00e4chte und ihre davon profitierenden \u00c4onen hinwegfegt. Diese vollkommen neue Einsicht in die lebensnotwendigen Interdependenzen in der Einheit des Kosmos erlaubt zu behaupten: ein neuer Menschentyp, der beabsichtigte Mensch, Manas offenbart sich.<\/p>\n\n\n\n<p>Angesichts dieser Zusammenh\u00e4nge wird verst\u00e4ndlich, das wir immer die Folge und immer der wahre Ausdruck des \u00bbOrgans Menschheit\u00ab auf dem Wesen Erde sind. Jeder Mensch spiegelt als Selbst immer einzelne Aspekte der Ganzheit seiner Gruppe, seines Volkes oder Stammes wieder. Diese individuellen Eigenschaften sind notwendige Qualit\u00e4ten bei der Ausstrahlung f\u00fcr die Gruppenwirksamkeit. Wer sich noch als autonomes Individuum mit eigener Verantwortung bezeichnet, erlebt sich isoliert in seiner Einbildung im egoistischen Gr\u00f6\u00dfenwahn. Er kann bei dieser Arroganz nicht die \u00e4onische Beeinflussung und seinen unberechtigten Stolz erfassen. Trotz alledem bleibt er wie alle anderen Menschen ein Gesch\u00f6pf des Geistes seiner speziellen Konstellation, aus der seine Person in die materielle Offenbarung projiziert wird. Alle Menschen im K\u00f6rper der Menschheit bilden mit ihren au\u00dfergew\u00f6hnlichen Qualit\u00e4ten und Absonderlichkeiten eine Ganzheit als ein funktionelles Gesch\u00f6pf in der Ganzheit des Kosmos Erde.<\/p>\n","protected":false},"excerpt":{"rendered":"<p>Bildtitel: 012 Die Natur, digitales Kunstwerk, Format: 50 x 66 cm; Daten: 84 MB, 240 dpi; Datum: 09.04.2021 Das falsche Weltbild des Dualismus \u2013 es gibt nur ein Universum Wie entsteht eine Weltanschauung? Woraus entstehen in uns die grundlegenden Anschauungen, wie wir als Mensch funktionieren, wie und woher unser Denken, Wollen und F\u00fchlen kommt. Woher &hellip; <\/p>\n<p class=\"link-more\"><a href=\"https:\/\/www.artokora.de\/?p=11560\" class=\"more-link\"><span class=\"screen-reader-text\">\u201eDie Gewalt der Natur\u201c<\/span> weiterlesen<\/a><\/p>\n","protected":false},"author":2,"featured_media":0,"comment_status":"open","ping_status":"open","sticky":false,"template":"","format":"standard","meta":{"footnotes":""},"categories":[917],"tags":[1078,1083,1081,1072,117,1077,1074,211,1082,591,1046,1038,407,239,1076,1080,266,1079,1073,1036,294,69,941],"class_list":["post-11560","post","type-post","status-publish","format-standard","hentry","category-bilder-texte","tag-amerika","tag-behaviorismus","tag-dogma","tag-eltern","tag-esoterik","tag-europa","tag-familie","tag-gedaechtnis","tag-geozentrisches-weltbild","tag-giordano-bruno","tag-holismus","tag-individualismus","tag-inquisition","tag-kultur","tag-kulturkreis","tag-laufstall","tag-materialismus","tag-naturforscher","tag-paedagogen","tag-pawlow","tag-psychologie","tag-religion","tag-weltanschauung"],"_links":{"self":[{"href":"https:\/\/www.artokora.de\/index.php?rest_route=\/wp\/v2\/posts\/11560"}],"collection":[{"href":"https:\/\/www.artokora.de\/index.php?rest_route=\/wp\/v2\/posts"}],"about":[{"href":"https:\/\/www.artokora.de\/index.php?rest_route=\/wp\/v2\/types\/post"}],"author":[{"embeddable":true,"href":"https:\/\/www.artokora.de\/index.php?rest_route=\/wp\/v2\/users\/2"}],"replies":[{"embeddable":true,"href":"https:\/\/www.artokora.de\/index.php?rest_route=%2Fwp%2Fv2%2Fcomments&post=11560"}],"version-history":[{"count":4,"href":"https:\/\/www.artokora.de\/index.php?rest_route=\/wp\/v2\/posts\/11560\/revisions"}],"predecessor-version":[{"id":11617,"href":"https:\/\/www.artokora.de\/index.php?rest_route=\/wp\/v2\/posts\/11560\/revisions\/11617"}],"wp:attachment":[{"href":"https:\/\/www.artokora.de\/index.php?rest_route=%2Fwp%2Fv2%2Fmedia&parent=11560"}],"wp:term":[{"taxonomy":"category","embeddable":true,"href":"https:\/\/www.artokora.de\/index.php?rest_route=%2Fwp%2Fv2%2Fcategories&post=11560"},{"taxonomy":"post_tag","embeddable":true,"href":"https:\/\/www.artokora.de\/index.php?rest_route=%2Fwp%2Fv2%2Ftags&post=11560"}],"curies":[{"name":"wp","href":"https:\/\/api.w.org\/{rel}","templated":true}]}}