{"id":11059,"date":"2020-09-14T14:30:12","date_gmt":"2020-09-14T12:30:12","guid":{"rendered":"http:\/\/www.artokora.de\/?p=11059"},"modified":"2020-10-09T14:47:02","modified_gmt":"2020-10-09T12:47:02","slug":"trilogia-das-schoepfungsprinzip","status":"publish","type":"post","link":"https:\/\/www.artokora.de\/?p=11059","title":{"rendered":"Trilogia \u2013 Das Sch\u00f6pfungsprinzip"},"content":{"rendered":"\n<p>Bildtitel: Trilogia, Digital Composing; Format: 50 x 70 cm; Daten: 62 MB, 200 dpi; Datum: 14. Sept. 2020<\/p>\n\n\n\n<figure class=\"wp-block-image size-large\"><img loading=\"lazy\" decoding=\"async\" width=\"685\" height=\"960\" src=\"http:\/\/www.artokora.de\/wp-content\/uploads\/2020\/09\/007-Triloggia-685x960.jpg\" alt=\"\" class=\"wp-image-11058\" srcset=\"https:\/\/www.artokora.de\/wp-content\/uploads\/2020\/09\/007-Triloggia-685x960.jpg 685w, https:\/\/www.artokora.de\/wp-content\/uploads\/2020\/09\/007-Triloggia-214x300.jpg 214w, https:\/\/www.artokora.de\/wp-content\/uploads\/2020\/09\/007-Triloggia-768x1076.jpg 768w, https:\/\/www.artokora.de\/wp-content\/uploads\/2020\/09\/007-Triloggia.jpg 1000w\" sizes=\"(max-width: 685px) 100vw, 685px\" \/><\/figure>\n\n\n\n<blockquote class=\"wp-block-quote is-layout-flow wp-block-quote-is-layout-flow\"><p>M\u00f6chtest Du das Kunstwerk kaufen oder einen besonderen Gedanken dazu \u00e4u\u00dfern, <br>schreibe mir bitte per <a href=\"http:\/\/www.artokora.de\/?page_id=74\"><strong>Kontakt<\/strong><\/a><\/p><cite><strong>Slideshow: <\/strong>Wenn Du Dir das Bild in seinen Details anschauen m\u00f6chtest, klicke in eines der nachfolgenden Bilder. <\/cite><\/blockquote>\n\n\n<style type=\"text\/css\">\n#foogallery-gallery-11048 .fg-image { width: 150px; }\n#foogallery-gallery-11048 { --fg-gutter: 10px; }<\/style>\n\t\t\t<div class=\"foogallery foogallery-container foogallery-default foogallery-lightbox-foobox fg-center fg-default fg-ready fg-light fg-border-thin fg-shadow-outline fg-loading-default fg-loaded-fade-in fg-caption-hover fg-hover-fade fg-hover-zoom\" id=\"foogallery-gallery-11048\" data-foogallery=\"{&quot;item&quot;:{&quot;showCaptionTitle&quot;:true,&quot;showCaptionDescription&quot;:true},&quot;lazy&quot;:true}\" style=\"--fg-title-line-clamp: 0; --fg-description-line-clamp: 0;\" >\n\t<div class=\"fg-item fg-type-image fg-idle\"><figure class=\"fg-item-inner\"><a href=\"https:\/\/www.artokora.de\/wp-content\/uploads\/2020\/09\/007-Trilogia-Detail-1.jpg\" data-attachment-id=\"11049\" data-type=\"image\" class=\"fg-thumb\"><span class=\"fg-image-wrap\"><img decoding=\"async\" width=\"150\" height=\"150\" class=\"skip-lazy fg-image\" data-src-fg=\"https:\/\/www.artokora.de\/wp-content\/uploads\/cache\/2020\/09\/007-Trilogia-Detail-1\/441317145.jpg\" src=\"data:image\/svg+xml,%3Csvg%20xmlns%3D%22http%3A%2F%2Fwww.w3.org%2F2000%2Fsvg%22%20width%3D%22150%22%20height%3D%22150%22%20viewBox%3D%220%200%20150%20150%22%3E%3C%2Fsvg%3E\" loading=\"eager\"><\/span><span class=\"fg-image-overlay\"><\/span><\/a><\/figure><div class=\"fg-loader\"><\/div><\/div><div class=\"fg-item fg-type-image fg-idle\"><figure class=\"fg-item-inner\"><a href=\"https:\/\/www.artokora.de\/wp-content\/uploads\/2020\/09\/007-Trilogia-Detail-2.jpg\" data-attachment-id=\"11050\" data-type=\"image\" class=\"fg-thumb\"><span class=\"fg-image-wrap\"><img decoding=\"async\" width=\"150\" height=\"150\" class=\"skip-lazy fg-image\" data-src-fg=\"https:\/\/www.artokora.de\/wp-content\/uploads\/cache\/2020\/09\/007-Trilogia-Detail-2\/2698360138.jpg\" src=\"data:image\/svg+xml,%3Csvg%20xmlns%3D%22http%3A%2F%2Fwww.w3.org%2F2000%2Fsvg%22%20width%3D%22150%22%20height%3D%22150%22%20viewBox%3D%220%200%20150%20150%22%3E%3C%2Fsvg%3E\" loading=\"eager\"><\/span><span class=\"fg-image-overlay\"><\/span><\/a><\/figure><div class=\"fg-loader\"><\/div><\/div><div class=\"fg-item fg-type-image fg-idle\"><figure class=\"fg-item-inner\"><a href=\"https:\/\/www.artokora.de\/wp-content\/uploads\/2020\/09\/007-Trilogia-Detail-3.jpg\" data-attachment-id=\"11051\" data-type=\"image\" class=\"fg-thumb\"><span class=\"fg-image-wrap\"><img decoding=\"async\" width=\"150\" height=\"150\" class=\"skip-lazy fg-image\" data-src-fg=\"https:\/\/www.artokora.de\/wp-content\/uploads\/cache\/2020\/09\/007-Trilogia-Detail-3\/2322907656.jpg\" src=\"data:image\/svg+xml,%3Csvg%20xmlns%3D%22http%3A%2F%2Fwww.w3.org%2F2000%2Fsvg%22%20width%3D%22150%22%20height%3D%22150%22%20viewBox%3D%220%200%20150%20150%22%3E%3C%2Fsvg%3E\" loading=\"eager\"><\/span><span class=\"fg-image-overlay\"><\/span><\/a><\/figure><div class=\"fg-loader\"><\/div><\/div><div class=\"fg-item fg-type-image fg-idle\"><figure class=\"fg-item-inner\"><a href=\"https:\/\/www.artokora.de\/wp-content\/uploads\/2020\/09\/007-Trilogia-Detail-4.jpg\" data-attachment-id=\"11052\" data-type=\"image\" class=\"fg-thumb\"><span class=\"fg-image-wrap\"><img decoding=\"async\" width=\"150\" height=\"150\" class=\"skip-lazy fg-image\" data-src-fg=\"https:\/\/www.artokora.de\/wp-content\/uploads\/cache\/2020\/09\/007-Trilogia-Detail-4\/1910330676.jpg\" src=\"data:image\/svg+xml,%3Csvg%20xmlns%3D%22http%3A%2F%2Fwww.w3.org%2F2000%2Fsvg%22%20width%3D%22150%22%20height%3D%22150%22%20viewBox%3D%220%200%20150%20150%22%3E%3C%2Fsvg%3E\" loading=\"eager\"><\/span><span class=\"fg-image-overlay\"><\/span><\/a><\/figure><div class=\"fg-loader\"><\/div><\/div><div class=\"fg-item fg-type-image fg-idle\"><figure class=\"fg-item-inner\"><a href=\"https:\/\/www.artokora.de\/wp-content\/uploads\/2020\/09\/007-Trilogia-Detail-5.jpg\" data-attachment-id=\"11053\" data-type=\"image\" class=\"fg-thumb\"><span class=\"fg-image-wrap\"><img decoding=\"async\" width=\"150\" height=\"150\" class=\"skip-lazy fg-image\" data-src-fg=\"https:\/\/www.artokora.de\/wp-content\/uploads\/cache\/2020\/09\/007-Trilogia-Detail-5\/1534861942.jpg\" src=\"data:image\/svg+xml,%3Csvg%20xmlns%3D%22http%3A%2F%2Fwww.w3.org%2F2000%2Fsvg%22%20width%3D%22150%22%20height%3D%22150%22%20viewBox%3D%220%200%20150%20150%22%3E%3C%2Fsvg%3E\" loading=\"eager\"><\/span><span class=\"fg-image-overlay\"><\/span><\/a><\/figure><div class=\"fg-loader\"><\/div><\/div><div class=\"fg-item fg-type-image fg-idle\"><figure class=\"fg-item-inner\"><a href=\"https:\/\/www.artokora.de\/wp-content\/uploads\/2020\/09\/007-Trilogia-Detail-6.jpg\" data-attachment-id=\"11054\" data-type=\"image\" class=\"fg-thumb\"><span class=\"fg-image-wrap\"><img decoding=\"async\" width=\"150\" height=\"150\" class=\"skip-lazy fg-image\" data-src-fg=\"https:\/\/www.artokora.de\/wp-content\/uploads\/cache\/2020\/09\/007-Trilogia-Detail-6\/173041730.jpg\" src=\"data:image\/svg+xml,%3Csvg%20xmlns%3D%22http%3A%2F%2Fwww.w3.org%2F2000%2Fsvg%22%20width%3D%22150%22%20height%3D%22150%22%20viewBox%3D%220%200%20150%20150%22%3E%3C%2Fsvg%3E\" loading=\"eager\"><\/span><span class=\"fg-image-overlay\"><\/span><\/a><\/figure><div class=\"fg-loader\"><\/div><\/div><div class=\"fg-item fg-type-image fg-idle\"><figure class=\"fg-item-inner\"><a href=\"https:\/\/www.artokora.de\/wp-content\/uploads\/2020\/09\/007-Trilogia-Detail-7.jpg\" data-attachment-id=\"11055\" data-type=\"image\" class=\"fg-thumb\"><span class=\"fg-image-wrap\"><img decoding=\"async\" width=\"150\" height=\"150\" class=\"skip-lazy fg-image\" data-src-fg=\"https:\/\/www.artokora.de\/wp-content\/uploads\/cache\/2020\/09\/007-Trilogia-Detail-7\/552673024.jpg\" src=\"data:image\/svg+xml,%3Csvg%20xmlns%3D%22http%3A%2F%2Fwww.w3.org%2F2000%2Fsvg%22%20width%3D%22150%22%20height%3D%22150%22%20viewBox%3D%220%200%20150%20150%22%3E%3C%2Fsvg%3E\" loading=\"eager\"><\/span><span class=\"fg-image-overlay\"><\/span><\/a><\/figure><div class=\"fg-loader\"><\/div><\/div><div class=\"fg-item fg-type-image fg-idle\"><figure class=\"fg-item-inner\"><a href=\"https:\/\/www.artokora.de\/wp-content\/uploads\/2020\/09\/007-Trilogia-Detail-8.jpg\" data-attachment-id=\"11056\" data-type=\"image\" class=\"fg-thumb\"><span class=\"fg-image-wrap\"><img decoding=\"async\" width=\"150\" height=\"150\" class=\"skip-lazy fg-image\" data-src-fg=\"https:\/\/www.artokora.de\/wp-content\/uploads\/cache\/2020\/09\/007-Trilogia-Detail-8\/146641801.jpg\" src=\"data:image\/svg+xml,%3Csvg%20xmlns%3D%22http%3A%2F%2Fwww.w3.org%2F2000%2Fsvg%22%20width%3D%22150%22%20height%3D%22150%22%20viewBox%3D%220%200%20150%20150%22%3E%3C%2Fsvg%3E\" loading=\"eager\"><\/span><span class=\"fg-image-overlay\"><\/span><\/a><\/figure><div class=\"fg-loader\"><\/div><\/div><div class=\"fg-item fg-type-image fg-idle\"><figure class=\"fg-item-inner\"><a href=\"https:\/\/www.artokora.de\/wp-content\/uploads\/2020\/09\/007-Trilogia-Detail-9.jpg\" data-attachment-id=\"11057\" data-type=\"image\" class=\"fg-thumb\"><span class=\"fg-image-wrap\"><img decoding=\"async\" width=\"150\" height=\"150\" class=\"skip-lazy fg-image\" data-src-fg=\"https:\/\/www.artokora.de\/wp-content\/uploads\/cache\/2020\/09\/007-Trilogia-Detail-9\/572318923.jpg\" src=\"data:image\/svg+xml,%3Csvg%20xmlns%3D%22http%3A%2F%2Fwww.w3.org%2F2000%2Fsvg%22%20width%3D%22150%22%20height%3D%22150%22%20viewBox%3D%220%200%20150%20150%22%3E%3C%2Fsvg%3E\" loading=\"eager\"><\/span><span class=\"fg-image-overlay\"><\/span><\/a><\/figure><div class=\"fg-loader\"><\/div><\/div><div class=\"fg-item fg-type-image fg-idle\"><figure class=\"fg-item-inner\"><a href=\"https:\/\/www.artokora.de\/wp-content\/uploads\/2020\/09\/007-Triloggia.jpg\" data-attachment-id=\"11058\" data-type=\"image\" class=\"fg-thumb\"><span class=\"fg-image-wrap\"><img decoding=\"async\" width=\"150\" height=\"150\" class=\"skip-lazy fg-image\" data-src-fg=\"https:\/\/www.artokora.de\/wp-content\/uploads\/cache\/2020\/09\/007-Triloggia\/1417621964.jpg\" src=\"data:image\/svg+xml,%3Csvg%20xmlns%3D%22http%3A%2F%2Fwww.w3.org%2F2000%2Fsvg%22%20width%3D%22150%22%20height%3D%22150%22%20viewBox%3D%220%200%20150%20150%22%3E%3C%2Fsvg%3E\" loading=\"eager\"><\/span><span class=\"fg-image-overlay\"><\/span><\/a><\/figure><div class=\"fg-loader\"><\/div><\/div><\/div>\n\n\n\n<h2 class=\"wp-block-heading\">Die Grundidee im Kosmos<\/h2>\n\n\n\n<p>Betrachten wir die erkennbaren Zusammenh\u00e4nge im universellen Geschehen einmal kurz zusammengefasst . Mit der Offenbarung entfaltet sich permanent in und aus dem unbegrenzten, unkennbaren ewigen Energiefeld ein alles umfassendes universales Bewusstsein, die Urmonade, aus und in der in einer Kaskade alle weiteren Monaden f\u00fcr alle Gesch\u00f6pfe im Metaversum entstehen. Das urspr\u00fcngliche Offenbarungsfeld wird auch in den verschiedenen Kulturen unterschiedlich bezeichnet: wie z.B. der Logos, TAO, Brahman, Shiva, Indra, Allah, Ahura Mazda, das PSI-Feld. <br>Mit diesem totalen Universum offenbaren sich sieben Kr\u00e4fte \u2013 der \u00abHeilige Siebengeist\u00bb \u2013 in sieben kosmischen Gebieten mit sieben universellen Bewusstheiten. Diese passen sich dem jeweiligen Sch\u00f6pfungsprozess in den sieben universellen Kr\u00e4ften an, und wirken als Basis aller kosmischen Kommunikation in den Monaden und ihren Kosmen an, um die diesen Feldern gestellten Aufgaben zu bew\u00e4ltigen.<br>Die Erde ist als materieller K\u00f6rper im siebten Stratum darin eingebettet. Im gesamten Kosmos wesen und wirken zahlreiche Entit\u00e4ten (Engel, Devas o.\u00e4.) und \u00e4therische bzw. astrale Naturwesenheiten f\u00fcr die Aufrechterhaltung der nat\u00fcrlichen Zusammenh\u00e4nge und Lebenswellen. In diesem komplexen Lebensfeld werden und erleiden die irdischen Menschen ihre Erfahrungen f\u00fcr die Entwicklung ihrer sieben mikrokosmischen Kraftfelder. Die stete Entwicklung der Kr\u00e4fte im Mikrokosmos ver\u00e4ndern, erh\u00f6hen f\u00fcr den Menschen die Wahrnehmungsm\u00f6glichkeiten seiner selbst und seiner wechselnden Umwelt.<br>Dieses Lebensfeld im siebenten kosmischen Gebiet mit seinen inh\u00e4renten Monaden ist Teil eines gewaltigen Evolutionsbogens. In dem vorl\u00e4ufig noch kristallisierten Teil des siebten Lebensfeldes entwickeln sich die stofflichen Menschen mit ihren Mikrokosmen. In allen Sch\u00f6pfungsbereichen wirken drei Kreationen zusammen in einer Trilogia: Erstens die Monade, darin und ihr unterstellt zweitens das \u00abWerkfeld\u00bb \u2013 ein Kosmos, Mikro- oder Makrokosmos \u2013 und drittens das evolvierende Gesch\u00f6pf \u2013 eine Galaxie, ein Stern, ein Planet, ein Mensch, ein Engel oder sonst ein Wesen der Sch\u00f6pfung.  Unter der F\u00fchrung der Monaden, die alle Kosmen bzw. Mikrokosmen in ihrem Erwachen begleiten, werden die Menschen k\u00fcnftig zu einem h\u00f6heren Erfassen und Bedenken ihres Seins und ihrer Umwelt kommen. <\/p>\n\n\n\n<div class=\"wp-block-image\"><figure class=\"alignleft size-large is-resized\"><img loading=\"lazy\" decoding=\"async\" src=\"http:\/\/www.artokora.de\/wp-content\/uploads\/2019\/09\/Monad-Prinzip-716x960.jpg\" alt=\"\" class=\"wp-image-9718\" width=\"341\" height=\"457\" srcset=\"https:\/\/www.artokora.de\/wp-content\/uploads\/2019\/09\/Monad-Prinzip-716x960.jpg 716w, https:\/\/www.artokora.de\/wp-content\/uploads\/2019\/09\/Monad-Prinzip-224x300.jpg 224w, https:\/\/www.artokora.de\/wp-content\/uploads\/2019\/09\/Monad-Prinzip-768x1030.jpg 768w, https:\/\/www.artokora.de\/wp-content\/uploads\/2019\/09\/Monad-Prinzip.jpg 1614w\" sizes=\"(max-width: 341px) 100vw, 341px\" \/><\/figure><\/div>\n\n\n\n<p>Diese dadurch entstehende total neuartige Selbst- und Welterkenntnis wird den Menschen k\u00fcnftig so erscheinen, als w\u00e4ren sie im Paradies angekommen. Das w\u00e4re jedoch ein fataler Irrtum. Denn das ist keineswegs der Fall! Vielmehr sind mit der Aktivierung der h\u00f6heren Astralis erst die Voraussetzungen geschaffen, damit sich auch die noch nicht zentrierten mentalen Aspekte offenbaren k\u00f6nnen und sich die drei nirwanischen Kraftfelder im Mikrokosmos zentrieren, was den Menschen erneut mit v\u00f6llig unbeschreibbaren Erfahrungsm\u00f6glichkeiten seiner Welt verbinden wird.<\/p>\n\n\n\n<p>Der synergetische Prozess, in dem die Menschheit seit Anbeginn ihrer Sch\u00f6pfung mit ihren Monaden \u2013 jeder Mikrokosmos ist von einer Monade umfangen \u2013 in der kosmischen Monade der Erde steht, ist bereits in der fundamentalen Idee des universalen Bewusstseins enthalten. Soweit es unseren Einsichten geschenkt werden kann, k\u00f6nnen wir sagen, dass dieser Plan folgendes beinhaltet. Jeder Kosmos bzw. Mikrokosmos wird sich k\u00fcnftig nach einem l\u00e4ngeren Evolutionprozess mit seiner Monade vereinigen, nachdem er in allen Kr\u00e4ften mit ihr kongruent geworden ist. Aber Achtung f\u00fcr alle Himmelsst\u00fcrmer: Auch dann ist der Mensch als Manas, als vollkommenes aurisches Wesen mit seiner Monade noch nicht in der Endphase seines kosmischen Daseins. V\u00f6llig neue f\u00fcr uns unbegreifbare Aufgaben f\u00fcr die Evolution im solaren System und in der Galaxie stehen noch an. Es w\u00e4re \u00e4u\u00dferst gewagt, dar\u00fcber irgend etwas Genaues zu berichten. Nur eines scheint mir in diesem Zusammenhang doch ersichtlich. Zun\u00e4chst m\u00fcssen die jenseitigen Lebensfelder von allen unheiligen Kr\u00e4ften \u2013 \u00c4onen oder Asuras \u2013 gereinigt werden, damit sie f\u00fcr die weitere Entwicklung anderer Mikrokosmen keine Behinderung mehr darstellen. Zudem sollten auch alle noch nicht so weit fortgeschrittenen Lebenswellen in Fauna und Flora vollendet in ihren Monaden aufgenommen werden k\u00f6nnen. Auch dabei haben die bereits vollkommen entwickelten \u00abMenschen\u00bb in ferner Zukunft mitzuwirken.<\/p>\n\n\n\n<p>Seit Anbeginn der Offenbarung werden s\u00e4mtliche Universen, Galaxien, Kosmen, Planeten, Monde und die Menschen als Mikrokosmen von ihren Monaden in einer kontinuierlichen Evolution gef\u00fchrt. Zur aktuellen Zeit befindet sich der irdische Kosmos mit allen seinen Lebenswellen bei seiner Entwicklung in einer Wendezeit zwischen der vorbereitenden Entwicklung des materiellen K\u00f6rpers bis zur Aufnahme des wahrnehmenden Verstandes im Gehirn. Mit der aufsteigenden Evolution entfaltet sich das Denkverm\u00f6gens f\u00fcr die Umsetzung aller Impulse f\u00fcr die kosmische Evolution, so k\u00f6nnte man es beschreiben. Das beginnende Aquariuszeitalter dynamisiert diese absolut revolution\u00e4re Wendezeit. Aktuell ist jeder Mensch selbst daf\u00fcr verantwortlich, dass sich in seinem Mikrokosmos die h\u00f6here Astralis und Mentalis entfalten wird. Daf\u00fcr muss er in seiner Psyche die komplement\u00e4ren Kr\u00e4fte des Animus und der Anima, maskulin und feminin, ebenb\u00fcrtig und gleichberechtigt in harmonischer Zusammenarbeit beim t\u00e4glichen Leben verwirklichen. Dann kann er sich auch mit all seinen bewussten Entscheidungen eindeutig auf die anstehende Evolution ausrichten.<br>Die ganze Sch\u00f6pfung, wie in den vorhergehenden Kapiteln bereits dargestellt, besteht aus sieben unterschiedlichen Lebensfeldern. Die Monade, das g\u00f6ttliche Wesen hinter dem Mikrokosmos, wirkt best\u00e4ndig aus und in allen kosmischen Energien, sie ist holistisch aus allen Kraftfeldern gebildet. Vollbringt der Mensch einmal unter ihrer Leitung die vollst\u00e4ndige Herstellung seines Mikrokosmos aus den sieben (oder neun) Kraftfeldern, dann wird dieser \u00abNeue Mensch\u00bb eins mit seiner Monade.<br>In den alten chinesischen Mythen wurde der geheiligte Mikrokosmos als der \u00absiebenfl\u00fcgelige Drachen\u00bb beschrieben. Darum wird auch heute noch die Verehrung des Drachens in der chinesischen Kultur an vielen Festen vom Volk gefeiert. Diese siebenfl\u00fcgelige Kraftkonzeption repr\u00e4sentiert mit einem leitenden Fl\u00fcgel die Pinealisaura, mit den zwei Fl\u00fcgeln des Hauptes die Mentalis im Wahrnehmen und Bedenken, mit den zwei Fl\u00fcgeln des Herzens die Astralis in Begehren und Liebe, und mit den zwei Fl\u00fcgeln der aktiven Verwirklichung das \u00c4therfeld zur Mitwirkung im Plan der Urmonade. Darin kann man die neuen Kr\u00e4fte oder die Lichtkleider des kommenden neuen Menschen erkennen. Aber f\u00fcr diese weitreichenden Prozesse m\u00fcssen zuerst die niederen astralen und mentalen Felder von ihren Verbindungen mit den \u00c4onen im stofflichen Lebensfeld neutral reduziert werden, sonst k\u00f6nnen sich die h\u00f6here Astralis und die h\u00f6here Mentalis nicht entfalten. Dies w\u00e4re die aktuelle fundamentale Verrichtung der Menschheit in dieser Wendezeit.<\/p>\n\n\n\n<div class=\"wp-block-image\"><figure class=\"alignright size-large is-resized\"><img loading=\"lazy\" decoding=\"async\" src=\"http:\/\/www.artokora.de\/wp-content\/uploads\/2020\/09\/MikrosMonade-960x960.jpg\" alt=\"\" class=\"wp-image-11063\" width=\"364\" height=\"364\" srcset=\"https:\/\/www.artokora.de\/wp-content\/uploads\/2020\/09\/MikrosMonade-960x960.jpg 960w, https:\/\/www.artokora.de\/wp-content\/uploads\/2020\/09\/MikrosMonade-300x300.jpg 300w, https:\/\/www.artokora.de\/wp-content\/uploads\/2020\/09\/MikrosMonade-150x150.jpg 150w, https:\/\/www.artokora.de\/wp-content\/uploads\/2020\/09\/MikrosMonade-768x768.jpg 768w, https:\/\/www.artokora.de\/wp-content\/uploads\/2020\/09\/MikrosMonade-100x100.jpg 100w, https:\/\/www.artokora.de\/wp-content\/uploads\/2020\/09\/MikrosMonade.jpg 1496w\" sizes=\"(max-width: 364px) 100vw, 364px\" \/><\/figure><\/div>\n\n\n\n<p><br>Sie sollte sich in Selbsterkenntnis und autonom von den alten Methoden der materiellen Selbsterhaltung und Arterhaltung und dem \u00abTanz um das goldenen Kalb\u00bb verabschieden, damit die niedere Astralis ruhig werden kann. Auch das Bestreben, mit der niederen Mentalis die gro\u00dfen Mysterien der materiellen Ursachen des Lebens zu erforschen, sollte alsbald verstummen, damit sich auch die bislang nicht aktivierten h\u00f6heren Ansichten der Mentalis im Mikrokosmos zentrieren. Das ist eine entscheidende Ma\u00dfnahme in der Aquariuszeit.<br>Die damit verbundenen Lebenszusammenh\u00e4nge k\u00f6nnen hier verst\u00e4ndlicherweise nicht im Detail dargestellt werden. Eines kann man jedoch mit Sicherheit sagen, weil es bereits seit zweitausend Jahren verk\u00fcndet wird: Jeder Mensch wird sich uneingeschr\u00e4nkt autonom in den Dienst f\u00fcr alle Menschen, Tiere und Pflanzen stellen und auch in den Dienst f\u00fcr die Evolution des irdischen Kosmos.<\/p>\n","protected":false},"excerpt":{"rendered":"<p>Bildtitel: Trilogia, Digital Composing; Format: 50 x 70 cm; Daten: 62 MB, 200 dpi; Datum: 14. Sept. 2020 M\u00f6chtest Du das Kunstwerk kaufen oder einen besonderen Gedanken dazu \u00e4u\u00dfern, schreibe mir bitte per Kontakt Slideshow: Wenn Du Dir das Bild in seinen Details anschauen m\u00f6chtest, klicke in eines der nachfolgenden Bilder. Die Grundidee im Kosmos &hellip; <\/p>\n<p class=\"link-more\"><a href=\"https:\/\/www.artokora.de\/?p=11059\" class=\"more-link\"><span class=\"screen-reader-text\">\u201eTrilogia \u2013 Das Sch\u00f6pfungsprinzip\u201c<\/span> weiterlesen<\/a><\/p>\n","protected":false},"author":2,"featured_media":0,"comment_status":"open","ping_status":"open","sticky":false,"template":"","format":"standard","meta":{"footnotes":""},"categories":[917],"tags":[590,579,1008,638,936,79,582,643,252,96,1016,713,425,1014,1013,594,1009,646,874,374,1001,391,371,72,505,1012,642,50,997,1011,1015,1020,366,94,1019,593,581,197,1007,645,647,942,1010,580,671,369,833,338,1018,1017,253],"class_list":["post-11059","post","type-post","status-publish","format-standard","hentry","category-bilder-texte","tag-ahura-mazda","tag-akasha","tag-allah","tag-astralis","tag-aether","tag-bewusstsein","tag-brahman","tag-energiefeld","tag-engel","tag-entitaeten","tag-entwicklung","tag-erfahrung","tag-erwachen","tag-fauna","tag-flora","tag-galaxien","tag-heilige-siebengeist","tag-idealis","tag-indra","tag-kommunikation","tag-kosmische-evolution","tag-kosmos","tag-logos","tag-makrokosmos","tag-materie","tag-mensch","tag-mentalis","tag-mikrokosmos","tag-monaden","tag-monde","tag-naturwesen","tag-nirvanisch","tag-offenbarung","tag-paradies","tag-physis","tag-planeten","tag-psi-feld","tag-schoepfung","tag-shiva","tag-spinalis","tag-spiritualis","tag-sterne","tag-stratum","tag-tao","tag-umwelt","tag-universum","tag-urmonade","tag-wahrnehmung","tag-welterkenntnis","tag-werkfeld","tag-wesen"],"_links":{"self":[{"href":"https:\/\/www.artokora.de\/index.php?rest_route=\/wp\/v2\/posts\/11059"}],"collection":[{"href":"https:\/\/www.artokora.de\/index.php?rest_route=\/wp\/v2\/posts"}],"about":[{"href":"https:\/\/www.artokora.de\/index.php?rest_route=\/wp\/v2\/types\/post"}],"author":[{"embeddable":true,"href":"https:\/\/www.artokora.de\/index.php?rest_route=\/wp\/v2\/users\/2"}],"replies":[{"embeddable":true,"href":"https:\/\/www.artokora.de\/index.php?rest_route=%2Fwp%2Fv2%2Fcomments&post=11059"}],"version-history":[{"count":6,"href":"https:\/\/www.artokora.de\/index.php?rest_route=\/wp\/v2\/posts\/11059\/revisions"}],"predecessor-version":[{"id":11164,"href":"https:\/\/www.artokora.de\/index.php?rest_route=\/wp\/v2\/posts\/11059\/revisions\/11164"}],"wp:attachment":[{"href":"https:\/\/www.artokora.de\/index.php?rest_route=%2Fwp%2Fv2%2Fmedia&parent=11059"}],"wp:term":[{"taxonomy":"category","embeddable":true,"href":"https:\/\/www.artokora.de\/index.php?rest_route=%2Fwp%2Fv2%2Fcategories&post=11059"},{"taxonomy":"post_tag","embeddable":true,"href":"https:\/\/www.artokora.de\/index.php?rest_route=%2Fwp%2Fv2%2Ftags&post=11059"}],"curies":[{"name":"wp","href":"https:\/\/api.w.org\/{rel}","templated":true}]}}