{"id":10113,"date":"2020-04-07T15:25:40","date_gmt":"2020-04-07T13:25:40","guid":{"rendered":"http:\/\/www.artokora.de\/?p=10113"},"modified":"2021-04-06T14:59:53","modified_gmt":"2021-04-06T12:59:53","slug":"logos-offenbarung","status":"publish","type":"post","link":"https:\/\/www.artokora.de\/?p=10113","title":{"rendered":"Logos Offenbarung"},"content":{"rendered":"\n<p>Unsere gewohnte Denkweise arbeitet stets mit Bildern von K\u00f6rpern, Teilchen und Korpuskeln. Dabei str\u00e4ubt sie sich mit allen erdenklichen antiken Dogmen gegen eine Welt der Kraftfelder, der Wellen des Lichtes, wie sie in manchen mystischen Berichten \u00fcber g\u00f6ttliche Erscheinungen erw\u00e4hnt werden. Kann der moderne Mensch mit den autorisierten Begriffen seiner Wirklichkeit solche Erkl\u00e4rungen nicht erfassen, werden sofort tausend Zweifel an dieser Ansicht laut. Das ist ganz nat\u00fcrlich, weil alle weisen Denker ihre Symbole nur aus dem Bildervorrat entnehmen, den sie in ihrem Leben aus ihrem sinnesorganisch erfassbaren Umfeld gespeichert haben. Und sie mussten es auch so tun, weil sie nur auf der Basis dieser Bilder von ihren damaligen Zuh\u00f6rern verstanden werden konnten. Dabei erz\u00e4hlten sie auch wundervolle Allegorien und Sinnbeispiele f\u00fcr eine mehr allgemein g\u00fcltige Welt, die nur und ausschlie\u00dflich durch Vibrationen, durch Kl\u00e4nge oder dem vielgestaltigen Licht geschahen.<\/p>\n\n\n\n<figure class=\"wp-block-image\"><img loading=\"lazy\" decoding=\"async\" width=\"672\" height=\"960\" src=\"http:\/\/www.artokora.de\/wp-content\/uploads\/2020\/02\/001-Tao-Ra\u0308der-ff-672x960.jpg\" alt=\"\" class=\"wp-image-9944\" srcset=\"https:\/\/www.artokora.de\/wp-content\/uploads\/2020\/02\/001-Tao-Ra\u0308der-ff-672x960.jpg 672w, https:\/\/www.artokora.de\/wp-content\/uploads\/2020\/02\/001-Tao-Ra\u0308der-ff-210x300.jpg 210w, https:\/\/www.artokora.de\/wp-content\/uploads\/2020\/02\/001-Tao-Ra\u0308der-ff-768x1097.jpg 768w, https:\/\/www.artokora.de\/wp-content\/uploads\/2020\/02\/001-Tao-Ra\u0308der-ff.jpg 840w\" sizes=\"(max-width: 672px) 100vw, 672px\" \/><\/figure>\n\n\n\n<p>\u00abAm Anfang war der Logos.\u00bb Aus ihm ist alles gemacht, was gemacht ist. Diese in der Genesis proklamierte allumfassende Einheit enth\u00e4lt alle Ideale von Weisheit, Liebe, Harmonie, Gerechtigkeit, und auch alle Kr\u00e4fte, vibrierende Energien, das Licht, den Klang, die Gravitation, ja, das Werden aller Monaden, Kosmen und Makrokosmen, Universen, Galaxien, Sonnen und Planeten, Entit\u00e4ten und Wesen in allen metaphysischen R\u00e4umen, nat\u00fcrlich auch aller Urtypen, Mikrokosmen, aller Menschen usw.. Die Ideen der Logoi erschaffen aus der \u00abSubstancia Magica\u00bb, dem universalen Bewusstsein die Urmonade. In diesem urs\u00e4chlichen Kraftfeld der Offenbarung, dem einen \u00fcberaus strahlenden Licht der allumfassenden Kommunikation, reflektieren die erhabenen Energien die Herrlichkeiten seiner Gesch\u00f6pfe nach den Gesetzen der isobaren Resonanz. In den holistischen Lebensfeldern existiert kein Nebeneinander und nie ein Gegeneinander. Sie wirken und entfalten sich in einem stets flie\u00dfenden Austausch aller Kr\u00e4fte. Sie reflektieren und informieren sich und schaffen in liebevoller kreativer Weise stetig neue Gesch\u00f6pfe der g\u00f6ttlichen Weisheit und Barmherzigkeit.<\/p>\n","protected":false},"excerpt":{"rendered":"<p>Unsere gewohnte Denkweise arbeitet stets mit Bildern von K\u00f6rpern, Teilchen und Korpuskeln. Dabei str\u00e4ubt sie sich mit allen erdenklichen antiken Dogmen gegen eine Welt der Kraftfelder, der Wellen des Lichtes, wie sie in manchen mystischen Berichten \u00fcber g\u00f6ttliche Erscheinungen erw\u00e4hnt werden. Kann der moderne Mensch mit den autorisierten Begriffen seiner Wirklichkeit solche Erkl\u00e4rungen nicht erfassen, &hellip; <\/p>\n<p class=\"link-more\"><a href=\"https:\/\/www.artokora.de\/?p=10113\" class=\"more-link\"><span class=\"screen-reader-text\">\u201eLogos Offenbarung\u201c<\/span> weiterlesen<\/a><\/p>\n","protected":false},"author":2,"featured_media":10118,"comment_status":"open","ping_status":"open","sticky":false,"template":"","format":"standard","meta":{"footnotes":""},"categories":[908],"tags":[],"class_list":["post-10113","post","type-post","status-publish","format-standard","has-post-thumbnail","hentry","category-buch-sehnsucht"],"_links":{"self":[{"href":"https:\/\/www.artokora.de\/index.php?rest_route=\/wp\/v2\/posts\/10113"}],"collection":[{"href":"https:\/\/www.artokora.de\/index.php?rest_route=\/wp\/v2\/posts"}],"about":[{"href":"https:\/\/www.artokora.de\/index.php?rest_route=\/wp\/v2\/types\/post"}],"author":[{"embeddable":true,"href":"https:\/\/www.artokora.de\/index.php?rest_route=\/wp\/v2\/users\/2"}],"replies":[{"embeddable":true,"href":"https:\/\/www.artokora.de\/index.php?rest_route=%2Fwp%2Fv2%2Fcomments&post=10113"}],"version-history":[{"count":4,"href":"https:\/\/www.artokora.de\/index.php?rest_route=\/wp\/v2\/posts\/10113\/revisions"}],"predecessor-version":[{"id":11517,"href":"https:\/\/www.artokora.de\/index.php?rest_route=\/wp\/v2\/posts\/10113\/revisions\/11517"}],"wp:featuredmedia":[{"embeddable":true,"href":"https:\/\/www.artokora.de\/index.php?rest_route=\/wp\/v2\/media\/10118"}],"wp:attachment":[{"href":"https:\/\/www.artokora.de\/index.php?rest_route=%2Fwp%2Fv2%2Fmedia&parent=10113"}],"wp:term":[{"taxonomy":"category","embeddable":true,"href":"https:\/\/www.artokora.de\/index.php?rest_route=%2Fwp%2Fv2%2Fcategories&post=10113"},{"taxonomy":"post_tag","embeddable":true,"href":"https:\/\/www.artokora.de\/index.php?rest_route=%2Fwp%2Fv2%2Ftags&post=10113"}],"curies":[{"name":"wp","href":"https:\/\/api.w.org\/{rel}","templated":true}]}}