{"id":10065,"date":"2020-04-07T13:11:00","date_gmt":"2020-04-07T11:11:00","guid":{"rendered":"http:\/\/www.artokora.de\/?p=10065"},"modified":"2021-04-06T13:23:46","modified_gmt":"2021-04-06T11:23:46","slug":"transfiguration-selbstuebergabe","status":"publish","type":"post","link":"https:\/\/www.artokora.de\/?p=10065","title":{"rendered":"Transfiguration \u2013 Selbst\u00fcbergabe"},"content":{"rendered":"\n<p>Wir k\u00f6nnen nur das sehen, was unseren Erwartungen entspricht. Erst mit einer erh\u00f6hten Astralis kann ein erweitertes Erfassen entstehen. Das neue Wahrnehmen vermittelt unserem Denken eine Impression von den uns tragenden metaphysischen Lebensfeldern und ihren tiefen Sinn. Das ist m\u00f6glich, weil das Schauen mit den immateriellen Sinnen eine Reichweite besitzt, weit in das Universelle hinein. Das gesamte Werden stellt sich nun als ein Erkennen der ewig webenden Evolution in den metaphysischen Feldern dar, in der das holistische Sein hervorgebracht wird. In der Materie entwickelt sich f\u00fcr uns die erste Etappe.<\/p>\n\n\n\n<p>Das Denken sagt uns: Werde, der du bist! Alles flie\u00dft zu den Urspr\u00fcngen zur\u00fcck. Doch ich kann das Gestern loslassen, wenn ich den Blick auf die Evolution richte, auf das Aufgebrochen-Werden von der Monade. Es ist gut, dass ich den holistischen Weg nun begreifen kann. Er bedeutet die gro\u00dfe Vorbereitung der Mentalis f\u00fcr das neue Erfassen unseres Einsseins im Allgeschehen. Wir m\u00fcssen das aushalten, was in uns geschehen wird: die Geburt der Verantwortung f\u00fcr den irdischen Kosmos.<\/p>\n\n\n\n<p>Dabei treten zwei Lebensbilder zusammen, die einander zu widersprechen scheinen: Ich bin das alles, was ich um mich herum erfasse. Alles ist jedoch mehr als das, was ich mit den stofflichen Sinnesorganen wahrnehme. Ich erfahre das All, auch mit dem physischen K\u00f6rper. Und ich bin in allem, in meinem aurischen Wesen zugleich eins mit allem.<\/p>\n\n\n\n<p><\/p>\n\n\n\n<figure class=\"wp-block-image\"><img loading=\"lazy\" decoding=\"async\" width=\"674\" height=\"960\" src=\"http:\/\/www.artokora.de\/wp-content\/uploads\/2020\/02\/58-Tao-BambusBerg-674x960.jpg\" alt=\"\" class=\"wp-image-9933\" srcset=\"https:\/\/www.artokora.de\/wp-content\/uploads\/2020\/02\/58-Tao-BambusBerg-674x960.jpg 674w, https:\/\/www.artokora.de\/wp-content\/uploads\/2020\/02\/58-Tao-BambusBerg-211x300.jpg 211w, https:\/\/www.artokora.de\/wp-content\/uploads\/2020\/02\/58-Tao-BambusBerg-768x1094.jpg 768w, https:\/\/www.artokora.de\/wp-content\/uploads\/2020\/02\/58-Tao-BambusBerg.jpg 1000w\" sizes=\"(max-width: 674px) 100vw, 674px\" \/><\/figure>\n\n\n\n<p>Die Kraft der <a href=\"http:\/\/www.artokora.de\/?p=8622\">Monade<\/a> tr\u00e4gt das Unaufgel\u00f6ste zu mir. Reflektiere ich ihr Licht ungebrochen auf das, was zu mir kommt, dann erscheint in mir die Erl\u00f6sung. Beachte: In jedem Lebensfeld schwingt eine eigene Zeit, das Werden der holistischen Felder, die best\u00e4ndig im Allgeschehen weben, ist wesentlich schneller als in der materiellen Welt. Selbst in der Erl\u00f6sung stehend, reichen wir allen Erdenwesen ihre M\u00f6glichkeit, selbst zu werden. Das hei\u00dft, Wegbereiter f\u00fcr die ewige kreative Evolution zu sein. Wir er\u00f6ffnen neue Chancen, indem wir es in Christus mit den Monaden f\u00fcr den Kosmos und seine Lebenswellen vollbringen.<\/p>\n","protected":false},"excerpt":{"rendered":"<p>Wir k\u00f6nnen nur das sehen, was unseren Erwartungen entspricht. Erst mit einer erh\u00f6hten Astralis kann ein erweitertes Erfassen entstehen. Das neue Wahrnehmen vermittelt unserem Denken eine Impression von den uns tragenden metaphysischen Lebensfeldern und ihren tiefen Sinn. Das ist m\u00f6glich, weil das Schauen mit den immateriellen Sinnen eine Reichweite besitzt, weit in das Universelle hinein. &hellip; <\/p>\n<p class=\"link-more\"><a href=\"https:\/\/www.artokora.de\/?p=10065\" class=\"more-link\"><span class=\"screen-reader-text\">\u201eTransfiguration \u2013 Selbst\u00fcbergabe\u201c<\/span> weiterlesen<\/a><\/p>\n","protected":false},"author":2,"featured_media":10066,"comment_status":"open","ping_status":"open","sticky":false,"template":"","format":"standard","meta":{"footnotes":""},"categories":[908],"tags":[],"class_list":["post-10065","post","type-post","status-publish","format-standard","has-post-thumbnail","hentry","category-buch-sehnsucht"],"_links":{"self":[{"href":"https:\/\/www.artokora.de\/index.php?rest_route=\/wp\/v2\/posts\/10065"}],"collection":[{"href":"https:\/\/www.artokora.de\/index.php?rest_route=\/wp\/v2\/posts"}],"about":[{"href":"https:\/\/www.artokora.de\/index.php?rest_route=\/wp\/v2\/types\/post"}],"author":[{"embeddable":true,"href":"https:\/\/www.artokora.de\/index.php?rest_route=\/wp\/v2\/users\/2"}],"replies":[{"embeddable":true,"href":"https:\/\/www.artokora.de\/index.php?rest_route=%2Fwp%2Fv2%2Fcomments&post=10065"}],"version-history":[{"count":3,"href":"https:\/\/www.artokora.de\/index.php?rest_route=\/wp\/v2\/posts\/10065\/revisions"}],"predecessor-version":[{"id":11503,"href":"https:\/\/www.artokora.de\/index.php?rest_route=\/wp\/v2\/posts\/10065\/revisions\/11503"}],"wp:featuredmedia":[{"embeddable":true,"href":"https:\/\/www.artokora.de\/index.php?rest_route=\/wp\/v2\/media\/10066"}],"wp:attachment":[{"href":"https:\/\/www.artokora.de\/index.php?rest_route=%2Fwp%2Fv2%2Fmedia&parent=10065"}],"wp:term":[{"taxonomy":"category","embeddable":true,"href":"https:\/\/www.artokora.de\/index.php?rest_route=%2Fwp%2Fv2%2Fcategories&post=10065"},{"taxonomy":"post_tag","embeddable":true,"href":"https:\/\/www.artokora.de\/index.php?rest_route=%2Fwp%2Fv2%2Ftags&post=10065"}],"curies":[{"name":"wp","href":"https:\/\/api.w.org\/{rel}","templated":true}]}}