{"id":10056,"date":"2020-04-07T13:05:02","date_gmt":"2020-04-07T11:05:02","guid":{"rendered":"http:\/\/www.artokora.de\/?p=10056"},"modified":"2021-04-06T13:21:53","modified_gmt":"2021-04-06T11:21:53","slug":"mikrokosmische-entfaltung","status":"publish","type":"post","link":"https:\/\/www.artokora.de\/?p=10056","title":{"rendered":"Mikrokosmische Entfaltung"},"content":{"rendered":"\n<p>Der Mensch mit seinem <a href=\"http:\/\/www.artokora.de\/?p=5453\">Mikrokosmos<\/a> entwickelte sich \u00fcber viele Inkarnationen durch vier Werdenszyklen, damit sich auch sein stofflicher K\u00f6rper soweit vollenden konnte, bis dass die Person autonom und selbstbewusst \u2013 ohne jede Fremdbestimmung \u2013 ihre Welt und Umwelt mit allen aktiven Feldern des Planeten erfassen und bedenken kann.<\/p>\n\n\n\n<figure class=\"wp-block-image\"><img loading=\"lazy\" decoding=\"async\" width=\"672\" height=\"960\" src=\"http:\/\/www.artokora.de\/wp-content\/uploads\/2020\/02\/007-Tao-Bergemuster-ff-672x960.jpg\" alt=\"\" class=\"wp-image-9892\" srcset=\"https:\/\/www.artokora.de\/wp-content\/uploads\/2020\/02\/007-Tao-Bergemuster-ff-672x960.jpg 672w, https:\/\/www.artokora.de\/wp-content\/uploads\/2020\/02\/007-Tao-Bergemuster-ff-210x300.jpg 210w, https:\/\/www.artokora.de\/wp-content\/uploads\/2020\/02\/007-Tao-Bergemuster-ff-768x1097.jpg 768w, https:\/\/www.artokora.de\/wp-content\/uploads\/2020\/02\/007-Tao-Bergemuster-ff.jpg 840w\" sizes=\"(max-width: 672px) 100vw, 672px\" \/><\/figure>\n\n\n\n<p>In der Erkenntnis der Ursache aller irdischen Konfliktorgien bem\u00fcht er sich um Toleranz und Verst\u00e4ndnis f\u00fcr alle, die in sich die Harmonie und den Frieden f\u00fcr das kosmische Werden anstreben. F\u00fcr den Kontakt mit seiner Monade l\u00f6st er behutsam die erkannten Behinderungen seiner astralen Vergangenheiten, die ihn bei seiner Entwicklung und Selbsterhaltung im materiellen Lebensfeld begleiteten. So wird er best\u00e4ndig astral geeignet gemacht, das holistische Weltall mit allen elektromagnetischen Interferenzen zu begreifen. Erhebt sich dann auch das Mentalfeld aus den niederen Aspekten, kann der Mensch das Allgeschehen von innen erfassen.<\/p>\n\n\n\n<p>Im Dienen f\u00fcr die komplexen Zusammenh\u00e4nge der kosmischen Evolution muss sein mikrokosmischer Magnetismus v\u00f6llig unabh\u00e4ngig von den noch bestehenden \u00c4onen sein. Dann vermag er eigenst\u00e4ndig bei der kosmischen Evolution ein n\u00fctzlicher Mitarbeiter zu sein, auch um alle Mikrokosmen von Fauna und Flora im Wesen Erde weiter zu f\u00f6rdern.<\/p>\n","protected":false},"excerpt":{"rendered":"<p>Der Mensch mit seinem Mikrokosmos entwickelte sich \u00fcber viele Inkarnationen durch vier Werdenszyklen, damit sich auch sein stofflicher K\u00f6rper soweit vollenden konnte, bis dass die Person autonom und selbstbewusst \u2013 ohne jede Fremdbestimmung \u2013 ihre Welt und Umwelt mit allen aktiven Feldern des Planeten erfassen und bedenken kann. In der Erkenntnis der Ursache aller irdischen &hellip; <\/p>\n<p class=\"link-more\"><a href=\"https:\/\/www.artokora.de\/?p=10056\" class=\"more-link\"><span class=\"screen-reader-text\">\u201eMikrokosmische Entfaltung\u201c<\/span> weiterlesen<\/a><\/p>\n","protected":false},"author":2,"featured_media":10057,"comment_status":"open","ping_status":"open","sticky":false,"template":"","format":"standard","meta":{"footnotes":""},"categories":[908],"tags":[],"class_list":["post-10056","post","type-post","status-publish","format-standard","has-post-thumbnail","hentry","category-buch-sehnsucht"],"_links":{"self":[{"href":"https:\/\/www.artokora.de\/index.php?rest_route=\/wp\/v2\/posts\/10056"}],"collection":[{"href":"https:\/\/www.artokora.de\/index.php?rest_route=\/wp\/v2\/posts"}],"about":[{"href":"https:\/\/www.artokora.de\/index.php?rest_route=\/wp\/v2\/types\/post"}],"author":[{"embeddable":true,"href":"https:\/\/www.artokora.de\/index.php?rest_route=\/wp\/v2\/users\/2"}],"replies":[{"embeddable":true,"href":"https:\/\/www.artokora.de\/index.php?rest_route=%2Fwp%2Fv2%2Fcomments&post=10056"}],"version-history":[{"count":3,"href":"https:\/\/www.artokora.de\/index.php?rest_route=\/wp\/v2\/posts\/10056\/revisions"}],"predecessor-version":[{"id":11501,"href":"https:\/\/www.artokora.de\/index.php?rest_route=\/wp\/v2\/posts\/10056\/revisions\/11501"}],"wp:featuredmedia":[{"embeddable":true,"href":"https:\/\/www.artokora.de\/index.php?rest_route=\/wp\/v2\/media\/10057"}],"wp:attachment":[{"href":"https:\/\/www.artokora.de\/index.php?rest_route=%2Fwp%2Fv2%2Fmedia&parent=10056"}],"wp:term":[{"taxonomy":"category","embeddable":true,"href":"https:\/\/www.artokora.de\/index.php?rest_route=%2Fwp%2Fv2%2Fcategories&post=10056"},{"taxonomy":"post_tag","embeddable":true,"href":"https:\/\/www.artokora.de\/index.php?rest_route=%2Fwp%2Fv2%2Ftags&post=10056"}],"curies":[{"name":"wp","href":"https:\/\/api.w.org\/{rel}","templated":true}]}}