{"id":10053,"date":"2020-04-07T13:03:21","date_gmt":"2020-04-07T11:03:21","guid":{"rendered":"http:\/\/www.artokora.de\/?p=10053"},"modified":"2021-04-06T13:20:07","modified_gmt":"2021-04-06T11:20:07","slug":"die-leere-ist-der-vase-sinn","status":"publish","type":"post","link":"https:\/\/www.artokora.de\/?p=10053","title":{"rendered":"Die Leere ist der Vase Sinn"},"content":{"rendered":"\n<p>Seit ewigen Zeiten verwendet die Menschheit geformte Vasen, Kr\u00fcge und Schalen f\u00fcr die Aufbewahrung der kostbaren Lebensmittel. In gro\u00dfen, aus Ton geformten Amphoren wurden sogar Schriftrollen in H\u00f6hlen verborgen. Das wichtigste an diesen Formen war ihre Hohlheit, die mit den unterschiedlichsten wertvollen Dingen gef\u00fcllt werden konnte. Das harte Material, gebrannter Ton, Stein oder Metall sch\u00fctzte die F\u00fcllung und lie\u00df sogar Wein oder Gem\u00fcse im Inneren reifen.<\/p>\n\n\n\n<p>Die Menschheit entwickelt sich zu einem h\u00f6heren Bewusstsein. Die Zeit des Wassermanns ist eine besondere Periode der geistigen Evolution des ganzen Kosmos. Dieser kosmische Einfluss dr\u00e4ngt die Menschen und alle Natur aus der stofflichen Entwicklung hinaus und fordert von ihnen einen aktiven Schritt in die Evolution eines h\u00f6heren Seins.<\/p>\n\n\n\n<figure class=\"wp-block-image\"><img loading=\"lazy\" decoding=\"async\" width=\"672\" height=\"960\" src=\"http:\/\/www.artokora.de\/wp-content\/uploads\/2020\/02\/Tao-12-Krug-ff-672x960.jpg\" alt=\"\" class=\"wp-image-9909\" srcset=\"https:\/\/www.artokora.de\/wp-content\/uploads\/2020\/02\/Tao-12-Krug-ff-672x960.jpg 672w, https:\/\/www.artokora.de\/wp-content\/uploads\/2020\/02\/Tao-12-Krug-ff-210x300.jpg 210w, https:\/\/www.artokora.de\/wp-content\/uploads\/2020\/02\/Tao-12-Krug-ff-768x1097.jpg 768w, https:\/\/www.artokora.de\/wp-content\/uploads\/2020\/02\/Tao-12-Krug-ff.jpg 840w\" sizes=\"(max-width: 672px) 100vw, 672px\" \/><\/figure>\n\n\n\n<p> <\/p>\n\n\n\n<p>Die Entwicklungen in der Vergangenheit betrafen vor allem die Vollendung des Gehirns im grobstofflichen K\u00f6rpers, der Vase. Diese Phase scheint nun abgeschlossen, die Vase ist mit transpersonalen Kraftfeldern und ihren Ged\u00e4chtnissen gef\u00fcllt. Jetzt f\u00fchrt die Monade die Mikrokosmen der Menschen in einen gewaltigen Schritt zur Erh\u00f6hung der Astralis und der Mentalis.<\/p>\n\n\n\n<p>Darum wird es jetzt Zeit, sich von der Selbstbehauptung in der Materie grundlegend zu verabschieden. Das stoffliche Werk ist vollbracht und der Verstand kann erkennen und bedenken, was jetzt zu entscheiden ist. Jeder ist nun aufgefordert, auf die Stimme seiner <a href=\"http:\/\/www.artokora.de\/?p=8622\">Monade<\/a> zu h\u00f6ren, und ihren h\u00f6heren Impulsen zu folgen. Es gilt nun, liebevoll dem materiellen Weltbild Ade zu sagen, und sich der probabilistischen Evolution der Mikrokosmen zu widmen.<\/p>\n","protected":false},"excerpt":{"rendered":"<p>Seit ewigen Zeiten verwendet die Menschheit geformte Vasen, Kr\u00fcge und Schalen f\u00fcr die Aufbewahrung der kostbaren Lebensmittel. In gro\u00dfen, aus Ton geformten Amphoren wurden sogar Schriftrollen in H\u00f6hlen verborgen. Das wichtigste an diesen Formen war ihre Hohlheit, die mit den unterschiedlichsten wertvollen Dingen gef\u00fcllt werden konnte. Das harte Material, gebrannter Ton, Stein oder Metall sch\u00fctzte &hellip; <\/p>\n<p class=\"link-more\"><a href=\"https:\/\/www.artokora.de\/?p=10053\" class=\"more-link\"><span class=\"screen-reader-text\">\u201eDie Leere ist der Vase Sinn\u201c<\/span> weiterlesen<\/a><\/p>\n","protected":false},"author":2,"featured_media":10054,"comment_status":"open","ping_status":"open","sticky":false,"template":"","format":"standard","meta":{"footnotes":""},"categories":[908],"tags":[],"class_list":["post-10053","post","type-post","status-publish","format-standard","has-post-thumbnail","hentry","category-buch-sehnsucht"],"_links":{"self":[{"href":"https:\/\/www.artokora.de\/index.php?rest_route=\/wp\/v2\/posts\/10053"}],"collection":[{"href":"https:\/\/www.artokora.de\/index.php?rest_route=\/wp\/v2\/posts"}],"about":[{"href":"https:\/\/www.artokora.de\/index.php?rest_route=\/wp\/v2\/types\/post"}],"author":[{"embeddable":true,"href":"https:\/\/www.artokora.de\/index.php?rest_route=\/wp\/v2\/users\/2"}],"replies":[{"embeddable":true,"href":"https:\/\/www.artokora.de\/index.php?rest_route=%2Fwp%2Fv2%2Fcomments&post=10053"}],"version-history":[{"count":3,"href":"https:\/\/www.artokora.de\/index.php?rest_route=\/wp\/v2\/posts\/10053\/revisions"}],"predecessor-version":[{"id":11498,"href":"https:\/\/www.artokora.de\/index.php?rest_route=\/wp\/v2\/posts\/10053\/revisions\/11498"}],"wp:featuredmedia":[{"embeddable":true,"href":"https:\/\/www.artokora.de\/index.php?rest_route=\/wp\/v2\/media\/10054"}],"wp:attachment":[{"href":"https:\/\/www.artokora.de\/index.php?rest_route=%2Fwp%2Fv2%2Fmedia&parent=10053"}],"wp:term":[{"taxonomy":"category","embeddable":true,"href":"https:\/\/www.artokora.de\/index.php?rest_route=%2Fwp%2Fv2%2Fcategories&post=10053"},{"taxonomy":"post_tag","embeddable":true,"href":"https:\/\/www.artokora.de\/index.php?rest_route=%2Fwp%2Fv2%2Ftags&post=10053"}],"curies":[{"name":"wp","href":"https:\/\/api.w.org\/{rel}","templated":true}]}}